{"id":10824,"date":"2017-03-14T12:37:48","date_gmt":"2017-03-14T11:37:48","guid":{"rendered":"http:\/\/www.funidelia.es\/blog\/?p=10824"},"modified":"2024-08-08T12:35:42","modified_gmt":"2024-08-08T10:35:42","slug":"ideas-disfraces-bella-y-bestia","status":"publish","type":"post","link":"http:\/\/www.funidelia.es\/blog\/ideas-disfraces-bella-y-bestia\/","title":{"rendered":"\u00a1Qu\u00e9 fest\u00edn vamos a dar con la nueva pel\u00edcula de la Bella y la Bestia!\u265b"},"content":{"rendered":"<p>Hace unos meses, os present\u00e1bamos el nuevo tr\u00e1iler de la nueva pel\u00edcula de \u00abLa Bella y La Bestia\u00bb, que se estrena este\u00a0mes de marzo de 2017. Emma Watson encarnar\u00e1 a la Bella y Dan Stevens ser\u00e1 la Bestia, como principales protagonistas. Adem\u00e1s, Luke Evans se convertir\u00e1 en el villano Gast\u00f3n. Ya nos hemos puesto nuestros <strong><a href=\"https:\/\/www.funidelia.es\/disfraces\/la-bella-y-la-bestia\/3225\">disfraces de la Bella y la Bestia<\/a><\/strong> y nos hemos puesto a cantar todas las canciones.<\/p>\n<p>Tenemos mucha curiosidad por conocer c\u00f3mo ser\u00e1 la adaptaci\u00f3n del cl\u00e1sico de Disney de 1991. Podemos ver en este avance un mundo de fantas\u00eda no tan alegre como el animado, tal vez m\u00e1s sombr\u00edo. Pero ah\u00ed estar\u00e1 Bella para llevar luz&#8230;<\/p>\n<div class=\"box-videoLight\">\n<div class=\"video-player\" data-id=\"oUkWCzUYq9w\"><\/div>\n<\/div>\n<p>Hemos podido escuchar ese acento franc\u00e9s tan caracter\u00edstico. Y es que el elenco de personajes no termina con los tres que te hemos contado antes. El director del film, Bill Condon, tambi\u00e9n ha contado en el reparto con Stanley Tucci, que interpreta a Cadenza (un piano que se convierte en un nuevo personaje que se ha introducido en esta pel\u00edcula) y con Ian McKellen, que ser\u00e1 Din Don. Emma Thompson ser\u00e1 la Se\u00f1ora Potts y Ewan McGregor el candelabro Lumi\u00e8re. Otro personaje nuevo que no aparec\u00eda en la versi\u00f3n de Disney y que llega en esta adaptaci\u00f3n es Encantadora, interpretado por Hattie Morahan.<\/p>\n<p>Adem\u00e1s, a principios de\u00a0noviembre, la <a href=\"http:\/\/ew.com\/gallery\/beauty-and-the-beast-photos\/\">revista Entertainment Weekly<\/a> publicaba estas fotos del rodaje y los protagonistas caracterizados de sus personajes. Es como ver a la Bella de la pel\u00edcula de dibujos de 1991 en carne y hueso&#8230; Hasta nuestros queridos DinDon, la se\u00f1ora Potts o Lumi\u00e8re, pese a ser objetos, son m\u00e1s reales que nunca.<\/p>\n<p><img loading=\"lazy\" decoding=\"async\" class=\"aligncenter size-full wp-image-10832\" src=\"https:\/\/www.funidelia.es\/blog\/wp-content\/uploads\/2016\/11\/beauty-and-the-beast.jpg\" alt=\"beauty-and-the-beast\" width=\"600\" height=\"800\" srcset=\"http:\/\/www.funidelia.es\/blog\/wp-content\/uploads\/2016\/11\/beauty-and-the-beast.jpg 600w, http:\/\/www.funidelia.es\/blog\/wp-content\/uploads\/2016\/11\/beauty-and-the-beast-225x300.jpg 225w\" sizes=\"auto, (max-width: 600px) 100vw, 600px\" \/><\/p>\n<p><img loading=\"lazy\" decoding=\"async\" class=\"aligncenter size-full wp-image-10833\" src=\"https:\/\/www.funidelia.es\/blog\/wp-content\/uploads\/2016\/11\/bella.jpg\" alt=\"bella\" width=\"800\" height=\"471\" srcset=\"http:\/\/www.funidelia.es\/blog\/wp-content\/uploads\/2016\/11\/bella.jpg 800w, http:\/\/www.funidelia.es\/blog\/wp-content\/uploads\/2016\/11\/bella-300x177.jpg 300w, http:\/\/www.funidelia.es\/blog\/wp-content\/uploads\/2016\/11\/bella-768x452.jpg 768w\" sizes=\"auto, (max-width: 800px) 100vw, 800px\" \/><\/p>\n<p><img decoding=\"async\" class=\"size-full wp-image-10834 aligncenter\" src=\"https:\/\/www.funidelia.es\/blog\/wp-content\/uploads\/2016\/11\/beauty-and-the-beast-ew.jpg\" alt=\"Beauty and the Beast (2017) width=\" height=\"380\" srcset=\"http:\/\/www.funidelia.es\/blog\/wp-content\/uploads\/2016\/11\/beauty-and-the-beast-ew.jpg 612w, http:\/\/www.funidelia.es\/blog\/wp-content\/uploads\/2016\/11\/beauty-and-the-beast-ew-300x186.jpg 300w\" sizes=\"(max-width: 612px) 100vw, 612px\" \/><\/p>\n<p><img decoding=\"async\" class=\"size-full wp-image-10835 aligncenter\" src=\"https:\/\/www.funidelia.es\/blog\/wp-content\/uploads\/2016\/11\/beauty-and-the-beast-ew2.jpg\" alt=\"Beauty and the Beast (2017) width=\" height=\"380\" srcset=\"http:\/\/www.funidelia.es\/blog\/wp-content\/uploads\/2016\/11\/beauty-and-the-beast-ew2.jpg 612w, http:\/\/www.funidelia.es\/blog\/wp-content\/uploads\/2016\/11\/beauty-and-the-beast-ew2-300x186.jpg 300w\" sizes=\"(max-width: 612px) 100vw, 612px\" \/><br \/>\n<img decoding=\"async\" class=\"size-full wp-image-10836 aligncenter\" src=\"https:\/\/www.funidelia.es\/blog\/wp-content\/uploads\/2016\/11\/beauty-and-the-beast-gaston.jpg\" alt=\"Beauty and the Beast (2017) width=\" height=\"380\" srcset=\"http:\/\/www.funidelia.es\/blog\/wp-content\/uploads\/2016\/11\/beauty-and-the-beast-gaston.jpg 612w, http:\/\/www.funidelia.es\/blog\/wp-content\/uploads\/2016\/11\/beauty-and-the-beast-gaston-300x186.jpg 300w\" sizes=\"(max-width: 612px) 100vw, 612px\" \/><br \/>\n<img loading=\"lazy\" decoding=\"async\" class=\"aligncenter size-full wp-image-10837\" src=\"https:\/\/www.funidelia.es\/blog\/wp-content\/uploads\/2016\/11\/emma-watson-bella.jpg\" alt=\"emma-watson-bella\" width=\"660\" height=\"370\" srcset=\"http:\/\/www.funidelia.es\/blog\/wp-content\/uploads\/2016\/11\/emma-watson-bella.jpg 660w, http:\/\/www.funidelia.es\/blog\/wp-content\/uploads\/2016\/11\/emma-watson-bella-300x168.jpg 300w\" sizes=\"auto, (max-width: 660px) 100vw, 660px\" \/><\/p>\n<h2>Los parecidos entre ambas versiones de la\u00a0Bella y la Bestia<\/h2>\n<p style=\"text-align: left;\">Cuando una peli de dibujos se adapta a personajes humanos suele haber muchas comparaciones. A veces no todas buenas, sobre todo si la original ha cosechado grandes \u00e9xitos. A\u00fan\u00a0no sabemos c\u00f3mo ser\u00e1 en este caso, lo que s\u00ed que hemos ido viendo es c\u00f3mo quedan algunos fragmentos&#8230; \u00bfCon qui\u00e9n te quedas, con los dibujos o con los reales? \u00bfCon los disfraces de la Bella y la Bestia de la nueva peli o con los anteriores?<\/p>\n<div class=\"box-videoLight\">\n<div class=\"video-player\" data-id=\"U496dSv2k_g\"><\/div>\n<\/div>\n<p><img loading=\"lazy\" decoding=\"async\" class=\"aligncenter size-full wp-image-12457\" src=\"https:\/\/www.funidelia.es\/blog\/wp-content\/uploads\/2017\/03\/Comparativa-Bella-Bestia1.jpg\" alt=\"Comparativa Bella Bestia1\" width=\"758\" height=\"390\" srcset=\"http:\/\/www.funidelia.es\/blog\/wp-content\/uploads\/2017\/03\/Comparativa-Bella-Bestia1.jpg 758w, http:\/\/www.funidelia.es\/blog\/wp-content\/uploads\/2017\/03\/Comparativa-Bella-Bestia1-300x154.jpg 300w, http:\/\/www.funidelia.es\/blog\/wp-content\/uploads\/2017\/03\/Comparativa-Bella-Bestia1-390x200.jpg 390w\" sizes=\"auto, (max-width: 758px) 100vw, 758px\" \/><\/p>\n<p><img loading=\"lazy\" decoding=\"async\" class=\"aligncenter wp-image-12458\" src=\"https:\/\/www.funidelia.es\/blog\/wp-content\/uploads\/2017\/03\/Comparativa-Bella-Bestia2.jpg\" alt=\"Comparativa Bella Bestia2\" width=\"800\" height=\"454\" srcset=\"http:\/\/www.funidelia.es\/blog\/wp-content\/uploads\/2017\/03\/Comparativa-Bella-Bestia2.jpg 1000w, http:\/\/www.funidelia.es\/blog\/wp-content\/uploads\/2017\/03\/Comparativa-Bella-Bestia2-300x170.jpg 300w, http:\/\/www.funidelia.es\/blog\/wp-content\/uploads\/2017\/03\/Comparativa-Bella-Bestia2-768x435.jpg 768w\" sizes=\"auto, (max-width: 800px) 100vw, 800px\" \/><\/p>\n<p><img loading=\"lazy\" decoding=\"async\" class=\"aligncenter wp-image-12459\" src=\"https:\/\/www.funidelia.es\/blog\/wp-content\/uploads\/2017\/03\/Comparativa-Bella-Bestia3.jpg\" alt=\"Comparativa Bella Bestia3\" width=\"800\" height=\"400\" srcset=\"http:\/\/www.funidelia.es\/blog\/wp-content\/uploads\/2017\/03\/Comparativa-Bella-Bestia3.jpg 980w, http:\/\/www.funidelia.es\/blog\/wp-content\/uploads\/2017\/03\/Comparativa-Bella-Bestia3-300x150.jpg 300w, http:\/\/www.funidelia.es\/blog\/wp-content\/uploads\/2017\/03\/Comparativa-Bella-Bestia3-768x384.jpg 768w\" sizes=\"auto, (max-width: 800px) 100vw, 800px\" \/><\/p>\n<p><img loading=\"lazy\" decoding=\"async\" class=\"aligncenter wp-image-12460 size-full\" src=\"https:\/\/www.funidelia.es\/blog\/wp-content\/uploads\/2017\/03\/Comparativa-Bella-Bestia4.jpg\" alt=\"Comparativa Bella Bestia4\" width=\"640\" height=\"413\" srcset=\"http:\/\/www.funidelia.es\/blog\/wp-content\/uploads\/2017\/03\/Comparativa-Bella-Bestia4.jpg 640w, http:\/\/www.funidelia.es\/blog\/wp-content\/uploads\/2017\/03\/Comparativa-Bella-Bestia4-300x194.jpg 300w\" sizes=\"auto, (max-width: 640px) 100vw, 640px\" \/><\/p>\n<p>&nbsp;<\/p>\n<p style=\"text-align: left;\">Quedan ya muy pocos d\u00edas para que podamos ver en la gran pantalla esta adaptaci\u00f3n de La Bella y la Bestia. En este caso, ser\u00e1 Michelle Jenner quien doblar\u00e1 a Emma Watson, algo que ya hizo durante la saga de Harry Potter. Y lo hace\u00a0con una buen\u00edsima ayuda: Bely Basarte ser\u00e1 quien interprete a Bella cuando canta y lo har\u00e1 en cinco temas. Por su parte, Miguel \u00c1ngel Jenner dobla a Din-Don. Aqu\u00ed podemos ver a los tres en acci\u00f3n.<\/p>\n<div class=\"box-videoLight\">\n<div class=\"video-player\" data-id=\"oYmO2ENlhJ8\"><\/div>\n<\/div>\n<h2>Disfraces de la Bella y la Bestia<\/h2>\n<p>El mensaje de esta historia siempre nos ha parecido profundo y atemporal \u00ab<em>La belleza est\u00e1 en el interior<\/em>\u00ab, por eso Bella es una de nuestras Princesas Disney favoritas, porque sabe ver m\u00e1s all\u00e1 de la apariencia f\u00edsica y sabe conocer y valorar a Bestia como una aut\u00e9ntica persona y ver m\u00e1s all\u00e1 y no quedarse solo con las apariencias. \u00a0Es por ello, que nos encanta ponernos \u00a0nuestras galas amarillas para bailar al son de la canci\u00f3n \u00abBella y Bestia son\u00bb.<\/p>\n<p>As\u00ed que para dar la bienvenida a estos personajes, que en marzo se volver\u00e1n\u00a0de carne y hueso, nada mejor que estos\u00a0<a href=\"https:\/\/www.funidelia.es\/disfraces\/la-bella-y-la-bestia\/3225\" target=\"_blank\" rel=\"noopener noreferrer\">disfraces de la Bella y la Bestia<\/a>.<\/p>\n<p>Para\u00a0emular a Emma Watson y convertirte en la bell\u00edsima Bella, podr\u00e1s hacerlo con este <a href=\"https:\/\/www.funidelia.es\/disfraces\/la-bella-y-la-bestia\/nina\/4095\" target=\"_blank\" rel=\"noopener noreferrer\">disfraz de Bella<\/a>.<\/p>\n<p><img loading=\"lazy\" decoding=\"async\" class=\"aligncenter size-full wp-image-10827\" src=\"https:\/\/www.funidelia.es\/blog\/wp-content\/uploads\/2016\/11\/Disfraz-Bella.jpg\" alt=\"disfraz bella\" width=\"355\" height=\"521\" srcset=\"http:\/\/www.funidelia.es\/blog\/wp-content\/uploads\/2016\/11\/Disfraz-Bella.jpg 355w, http:\/\/www.funidelia.es\/blog\/wp-content\/uploads\/2016\/11\/Disfraz-Bella-204x300.jpg 204w\" sizes=\"auto, (max-width: 355px) 100vw, 355px\" \/><img loading=\"lazy\" decoding=\"async\" class=\"aligncenter size-full wp-image-10826\" src=\"https:\/\/www.funidelia.es\/blog\/wp-content\/uploads\/2016\/11\/peluca-bella.jpg\" alt=\"peluca bella\" width=\"348\" height=\"486\" srcset=\"http:\/\/www.funidelia.es\/blog\/wp-content\/uploads\/2016\/11\/peluca-bella.jpg 348w, http:\/\/www.funidelia.es\/blog\/wp-content\/uploads\/2016\/11\/peluca-bella-215x300.jpg 215w\" sizes=\"auto, (max-width: 348px) 100vw, 348px\" \/><img loading=\"lazy\" decoding=\"async\" class=\"aligncenter size-full wp-image-12452\" src=\"https:\/\/www.funidelia.es\/blog\/wp-content\/uploads\/2017\/03\/Disfraz-bella-pelicula.jpg\" alt=\"Disfraz bella pelicula\" width=\"355\" height=\"517\" srcset=\"http:\/\/www.funidelia.es\/blog\/wp-content\/uploads\/2017\/03\/Disfraz-bella-pelicula.jpg 355w, http:\/\/www.funidelia.es\/blog\/wp-content\/uploads\/2017\/03\/Disfraz-bella-pelicula-206x300.jpg 206w\" sizes=\"auto, (max-width: 355px) 100vw, 355px\" \/><\/p>\n<p>Adem\u00e1s, las m\u00e1s peque\u00f1as de la casa tambi\u00e9n tienen su <a href=\"https:\/\/www.funidelia.es\/disfraces\/bella\/6110\" target=\"_blank\" rel=\"noopener noreferrer\">disfraz de Bella<\/a> pensado para ellas.<\/p>\n<p><img loading=\"lazy\" decoding=\"async\" class=\"aligncenter size-full wp-image-12453\" src=\"https:\/\/www.funidelia.es\/blog\/wp-content\/uploads\/2017\/03\/Disfraz-Bella-nina-pelicula.jpg\" alt=\"Disfraz Bella nina pelicula\" width=\"354\" height=\"516\" srcset=\"http:\/\/www.funidelia.es\/blog\/wp-content\/uploads\/2017\/03\/Disfraz-Bella-nina-pelicula.jpg 354w, http:\/\/www.funidelia.es\/blog\/wp-content\/uploads\/2017\/03\/Disfraz-Bella-nina-pelicula-206x300.jpg 206w\" sizes=\"auto, (max-width: 354px) 100vw, 354px\" \/><img loading=\"lazy\" decoding=\"async\" class=\"aligncenter size-full wp-image-12454\" src=\"https:\/\/www.funidelia.es\/blog\/wp-content\/uploads\/2017\/03\/Disfraz-Bella-nina-deluxe-pelicula.jpg\" alt=\"Disfraz Bella nina deluxe pelicula\" width=\"357\" height=\"526\" srcset=\"http:\/\/www.funidelia.es\/blog\/wp-content\/uploads\/2017\/03\/Disfraz-Bella-nina-deluxe-pelicula.jpg 357w, http:\/\/www.funidelia.es\/blog\/wp-content\/uploads\/2017\/03\/Disfraz-Bella-nina-deluxe-pelicula-204x300.jpg 204w\" sizes=\"auto, (max-width: 357px) 100vw, 357px\" \/><\/p>\n<p><img loading=\"lazy\" decoding=\"async\" class=\"aligncenter size-full wp-image-10831\" src=\"https:\/\/www.funidelia.es\/blog\/wp-content\/uploads\/2016\/11\/disfraz-bella-y-bestia.jpg\" alt=\"disfraz-bella-y-bestia\" width=\"360\" height=\"509\" srcset=\"http:\/\/www.funidelia.es\/blog\/wp-content\/uploads\/2016\/11\/disfraz-bella-y-bestia.jpg 360w, http:\/\/www.funidelia.es\/blog\/wp-content\/uploads\/2016\/11\/disfraz-bella-y-bestia-212x300.jpg 212w\" sizes=\"auto, (max-width: 360px) 100vw, 360px\" \/><\/p>\n<p>O si prefieres convertirte en su amado, este <strong>disfraz de Bestia<\/strong> har\u00e1 que seas el pretendiente m\u00e1s guapo del reino.<\/p>\n<p><img loading=\"lazy\" decoding=\"async\" class=\"aligncenter size-full wp-image-10825\" src=\"https:\/\/www.funidelia.es\/blog\/wp-content\/uploads\/2016\/11\/Disfraz-bestia.jpg\" alt=\"disfraz bestia\" width=\"354\" height=\"513\" srcset=\"http:\/\/www.funidelia.es\/blog\/wp-content\/uploads\/2016\/11\/Disfraz-bestia.jpg 354w, http:\/\/www.funidelia.es\/blog\/wp-content\/uploads\/2016\/11\/Disfraz-bestia-207x300.jpg 207w\" sizes=\"auto, (max-width: 354px) 100vw, 354px\" \/><\/p>\n<p><img loading=\"lazy\" decoding=\"async\" class=\"aligncenter size-full wp-image-12455\" src=\"https:\/\/www.funidelia.es\/blog\/wp-content\/uploads\/2017\/03\/Disfraz-Bestia.jpg\" alt=\"Disfraz Bestia\" width=\"359\" height=\"522\" srcset=\"http:\/\/www.funidelia.es\/blog\/wp-content\/uploads\/2017\/03\/Disfraz-Bestia.jpg 359w, http:\/\/www.funidelia.es\/blog\/wp-content\/uploads\/2017\/03\/Disfraz-Bestia-206x300.jpg 206w\" sizes=\"auto, (max-width: 359px) 100vw, 359px\" \/><\/p>\n<p>Tambi\u00e9n hay un disfraz de Bestia para ni\u00f1o, as\u00ed los m\u00e1s peque\u00f1os podr\u00e1n disfrutar de su pel\u00edcula preferida con sus mejores galas.<br \/>\n<img loading=\"lazy\" decoding=\"async\" class=\"aligncenter size-full wp-image-12456\" src=\"https:\/\/www.funidelia.es\/blog\/wp-content\/uploads\/2017\/03\/Disfraz-Bestia-nino.jpg\" alt=\"Disfraz Bestia nino\" width=\"311\" height=\"517\" srcset=\"http:\/\/www.funidelia.es\/blog\/wp-content\/uploads\/2017\/03\/Disfraz-Bestia-nino.jpg 311w, http:\/\/www.funidelia.es\/blog\/wp-content\/uploads\/2017\/03\/Disfraz-Bestia-nino-180x300.jpg 180w\" sizes=\"auto, (max-width: 311px) 100vw, 311px\" \/><\/p>\n<p style=\"text-align: left;\">Y para continuar abriendo boca, nada mejor que terminar con un poco de m\u00fasica. De esa que pone la piel de gallina&#8230; Y es que el tema central de la pel\u00edcula ya tiene videoclip oficial, interpretado por Ariana Grande y John Legend.\u00a0\u00a1Estamos impacientes de que llegue el d\u00eda del estreno!<\/p>\n<p style=\"text-align: center;\"><iframe loading=\"lazy\" src=\"https:\/\/www.youtube.com\/embed\/axySrE0Kg6k\" width=\"560\" height=\"315\" frameborder=\"0\" allowfullscreen=\"allowfullscreen\"><\/iframe><\/p>\n<p style=\"text-align: center;\">\n<h2 style=\"text-align: center;\"><em>Have Fun!<\/em><\/h2>\n<div class=\"su-divider su-divider-style-default\" style=\"margin:15px 0;border-width:2px;border-color:#999999\"><a href=\"#\" style=\"color:#000000\">Volver arriba<\/a><\/div>\n<div class=\"box-top\">\n<strong class=\"grd\"><span class=\"grd-b\"><img loading=\"lazy\" decoding=\"async\" src=\"https:\/\/i0.wp.com\/static1.funidelia.com\/blog\/uploads\/css_theme\/ico_thebest.png\" alt=\"Flowers\" width=\"38\" height=\"38\" \/>Top Art\u00edculos<\/span><\/strong><br \/>\n<section class=\"latest-post-selection list-div-ordered two-columns content-center ver2\" id=\"lps-e3d46f44d15e7cd23a8b025d9165327c\" style=\"\" role=\"list\"><article class=\"post-24613 post type-post status-publish format-standard has-post-thumbnail hentry category-ideas-disfraces-caseros-originales has-link\" data-lps-id=\"24613\" role=\"listitem\"><div class=\"article__info\"><h3 class=\"article__title item-title-tag\"><a href=\"http:\/\/www.funidelia.es\/blog\/disfraces-caseros-faciles-de-hacer\/\" title=\"Disfraces caseros f\u00e1ciles de hacer\" class=\"article__link main-link\">Disfraces caseros f\u00e1ciles de hacer<\/a><\/h3><\/div><\/article><article class=\"post-24600 post type-post status-publish format-standard has-post-thumbnail hentry category-ideas-fiestas-decadas has-link\" data-lps-id=\"24600\" role=\"listitem\"><div class=\"article__info\"><h3 class=\"article__title item-title-tag\"><a href=\"http:\/\/www.funidelia.es\/blog\/ideas-disfraces-anos-80-para-una-fiesta-ochentera\/\" title=\"Ideas de disfraces A\u00f1os 80 para una fiesta ochentera\" class=\"article__link main-link\">Ideas de disfraces A\u00f1os 80 para una fiesta ochentera<\/a><\/h3><\/div><\/article><article class=\"post-24579 post type-post status-publish format-standard has-post-thumbnail hentry category-las-mejores-ideas-para-fiestas-tematicas has-link\" data-lps-id=\"24579\" role=\"listitem\"><div class=\"article__info\"><h3 class=\"article__title item-title-tag\"><a href=\"http:\/\/www.funidelia.es\/blog\/ideas-fiestas-tematicas\/\" title=\"Fiestas tem\u00e1ticas\" class=\"article__link main-link\">Fiestas tem\u00e1ticas<\/a><\/h3><\/div><\/article><article class=\"post-23779 post type-post status-publish format-standard has-post-thumbnail hentry category-ideas-disfraces-caseros-originales has-link\" data-lps-id=\"23779\" role=\"listitem\"><div class=\"article__info\"><h3 class=\"article__title item-title-tag\"><a href=\"http:\/\/www.funidelia.es\/blog\/como-hacer-disfraz-harry-potter-casero\/\" title=\"\u26a1\ufe0f C\u00f3mo hacer un disfraz de Harry Potter casero\" class=\"article__link main-link\">\u26a1\ufe0f C\u00f3mo hacer un disfraz de Harry Potter casero<\/a><\/h3><\/div><\/article><article class=\"post-698 post type-post status-publish format-standard has-post-thumbnail hentry category-ideas-decoracion-fiesta-halloween has-link\" data-lps-id=\"698\" role=\"listitem\"><div class=\"article__info\"><h3 class=\"article__title item-title-tag\"><a href=\"http:\/\/www.funidelia.es\/blog\/ideas-decoracion-fiestas-de-halloween\/\" title=\"Ideas de decoracion para una fiesta de Halloween terror\u00edficamente divertida\" class=\"article__link main-link\">Ideas de decoracion para una fiesta de Halloween terror\u00edficamente divertida<\/a><\/h3><\/div><\/article><\/section>\n<\/div>\n<p><a href=\"https:\/\/www.funidelia.es\" title=\"Funidelia Tienda Online\" target=\"_blank\" rel=\"noopener\" class=\"responsive\">\n<picture><source srcset=\"https:\/\/i0.wp.com\/static1.funidelia.com\/blog\/uploads\/css_theme\/funidelia_shop_es_xmobile.png?ver=01\" media=\"(max-width: 640px)\"><source srcset=\"https:\/\/i0.wp.com\/static1.funidelia.com\/blog\/uploads\/css_theme\/funidelia_shop_es_desktop.png\"><img loading=\"lazy\" decoding=\"async\" src=\"https:\/\/i0.wp.com\/static1.funidelia.com\/blog\/uploads\/css_theme\/funidelia_shop_es_desktop.png\" width=\"1120\" height=\"129\" alt=\"Flowers\">\n<\/picture>\n<\/a><\/p>\n<div class=\"box-links\">\n<div class=\"txt\"><img loading=\"lazy\" decoding=\"async\" src=\"https:\/\/i0.wp.com\/static1.funidelia.com\/blog\/uploads\/css_theme\/ico_categories.png?ver=1\" width=\"30\" height=\"30\" border=\"0\" alt\"Categor\u00edas relacionadas\"> Categor\u00edas relacionadas:<\/div>\n<div class=\"su-row\">\n<div class=\"su-column su-column-size-1-4\"><div class=\"su-column-inner su-u-clearfix su-u-trim\"><a href=\"https:\/\/www.funidelia.es\/blog\/ideas-para-disfraces\/\" title=\"C1\" class=\"link-box\"><img loading=\"lazy\" decoding=\"async\" src=\"https:\/\/i0.wp.com\/static1.funidelia.com\/blog\/uploads\/css_theme\/ico_deco_disfraz.png?ver=2\" width=\"26\" height=\"24\" border=\"0\" alt\"Funidelia\"> Disfraces<\/a><\/div><\/div>\n<div class=\"su-column su-column-size-1-4\"><div class=\"su-column-inner su-u-clearfix su-u-trim\"><a href=\"https:\/\/www.funidelia.es\/blog\/ideas-fiestas-tematicas\/\" title=\"C1\" class=\"link-box\"><img loading=\"lazy\" decoding=\"async\" src=\"https:\/\/i0.wp.com\/static1.funidelia.com\/blog\/uploads\/css_theme\/ico_deco_decoracion.png?ver=2\" width=\"26\" height=\"24\" border=\"0\" alt\"Funidelia\">Decoraci\u00f3n<\/a><\/div><\/div>\n<div class=\"su-column su-column-size-1-4\"><div class=\"su-column-inner su-u-clearfix su-u-trim\"><a href=\"https:\/\/www.funidelia.es\/blog\/ideas-para-maquillaje-halloween-original\/\" title=\"C1\" class=\"link-box\"><img loading=\"lazy\" decoding=\"async\" src=\"https:\/\/i0.wp.com\/static1.funidelia.com\/blog\/uploads\/css_theme\/ico_deco_maquillaje.png?ver=2\" width=\"26\" height=\"24\" border=\"0\" alt\"Funidelia\">Maquillaje<\/a><\/div><\/div>\n<div class=\"su-column su-column-size-1-4\"><div class=\"su-column-inner su-u-clearfix su-u-trim\"><a href=\"https:\/\/www.funidelia.es\/blog\/disfraces-caseros-faciles-de-hacer\/\" title=\"C1\" class=\"link-box\"><img loading=\"lazy\" decoding=\"async\" src=\"https:\/\/i0.wp.com\/static1.funidelia.com\/blog\/uploads\/css_theme\/ico_deco_diy.png?ver=2\" width=\"26\" height=\"24\" border=\"0\" alt\"Funidelia\">Caseros &#038; DIY<\/a><\/div><\/div>\n<\/div>\n<\/div>\n","protected":false},"excerpt":{"rendered":"<p>Hace unos meses, os present\u00e1bamos el nuevo tr\u00e1iler de la nueva pel\u00edcula de \u00abLa Bella y La Bestia\u00bb, que se estrena este\u00a0mes de marzo de 2017. Emma Watson encarnar\u00e1 a la Bella y Dan Stevens ser\u00e1 la Bestia, como principales protagonistas. Adem\u00e1s, Luke Evans se convertir\u00e1 en el villano Gast\u00f3n&#8230;.<\/p>\n","protected":false},"author":11,"featured_media":10833,"comment_status":"open","ping_status":"open","sticky":false,"template":"","format":"standard","meta":{"fifu_image_url":"","fifu_image_alt":"","footnotes":""},"categories":[1425],"tags":[1155],"class_list":["post-10824","post","type-post","status-publish","format-standard","has-post-thumbnail","hentry","category-ideas-disfraces-peliculas","tag-la-bella-y-la-bestia"],"yoast_head":"<!-- This site is optimized with the Yoast SEO plugin v26.7 - https:\/\/yoast.com\/wordpress\/plugins\/seo\/ -->\n<title>Disfraces de la Bella y la Bestia para la Nueva Pel\u00edcula. \u00a1Qu\u00e9 fest\u00edn! \u265b<\/title>\n<meta name=\"description\" content=\"Si tu princesa favorita es Bella y esperas el estreno de La Bella y la Bestia en marzo de 2017, no te pierdas estos disfraces de La Bella y la Bestia.\" \/>\n<meta name=\"robots\" content=\"index, follow, max-snippet:-1, max-image-preview:large, max-video-preview:-1\" \/>\n<link rel=\"canonical\" href=\"http:\/\/www.funidelia.es\/blog\/ideas-disfraces-bella-y-bestia\/\" \/>\n<meta property=\"og:locale\" content=\"es_ES\" \/>\n<meta property=\"og:type\" content=\"article\" \/>\n<meta property=\"og:title\" content=\"Disfraces de la Bella y la Bestia para la Nueva Pel\u00edcula. \u00a1Qu\u00e9 fest\u00edn! \u265b\" \/>\n<meta property=\"og:description\" content=\"Si tu princesa favorita es Bella y esperas el estreno de La Bella y la Bestia en marzo de 2017, no te pierdas estos disfraces de La Bella y la Bestia.\" \/>\n<meta property=\"og:url\" content=\"http:\/\/www.funidelia.es\/blog\/ideas-disfraces-bella-y-bestia\/\" \/>\n<meta property=\"og:site_name\" content=\"Ideas para disfrazarse - Blog de Funidelia\" \/>\n<meta property=\"article:publisher\" content=\"https:\/\/www.facebook.com\/funidelia\" \/>\n<meta property=\"article:published_time\" content=\"2017-03-14T11:37:48+00:00\" \/>\n<meta property=\"article:modified_time\" content=\"2024-08-08T10:35:42+00:00\" \/>\n<meta property=\"og:image\" content=\"http:\/\/www.funidelia.es\/blog\/wp-content\/uploads\/2016\/11\/bella.jpg\" \/>\n\t<meta property=\"og:image:width\" content=\"800\" \/>\n\t<meta property=\"og:image:height\" content=\"471\" \/>\n\t<meta property=\"og:image:type\" content=\"image\/jpeg\" \/>\n<meta name=\"author\" content=\"Paula Colera\" \/>\n<meta name=\"twitter:card\" content=\"summary_large_image\" \/>\n<meta name=\"twitter:creator\" content=\"@funidelia\" \/>\n<meta name=\"twitter:site\" content=\"@funidelia\" \/>\n<meta name=\"twitter:label1\" content=\"Escrito por\" \/>\n\t<meta name=\"twitter:data1\" content=\"Paula Colera\" \/>\n\t<meta name=\"twitter:label2\" content=\"Tiempo de lectura\" \/>\n\t<meta name=\"twitter:data2\" content=\"4 minutos\" \/>\n<script type=\"application\/ld+json\" class=\"yoast-schema-graph\">{\"@context\":\"https:\/\/schema.org\",\"@graph\":[{\"@type\":\"Article\",\"@id\":\"http:\/\/www.funidelia.es\/blog\/ideas-disfraces-bella-y-bestia\/#article\",\"isPartOf\":{\"@id\":\"http:\/\/www.funidelia.es\/blog\/ideas-disfraces-bella-y-bestia\/\"},\"author\":{\"name\":\"Paula Colera\",\"@id\":\"https:\/\/www.funidelia.es\/blog\/#\/schema\/person\/da3e744414835ef8b03b0a630f03dfc4\"},\"headline\":\"\u00a1Qu\u00e9 fest\u00edn vamos a dar con la nueva pel\u00edcula de la Bella y la Bestia!\u265b\",\"datePublished\":\"2017-03-14T11:37:48+00:00\",\"dateModified\":\"2024-08-08T10:35:42+00:00\",\"mainEntityOfPage\":{\"@id\":\"http:\/\/www.funidelia.es\/blog\/ideas-disfraces-bella-y-bestia\/\"},\"wordCount\":842,\"commentCount\":0,\"image\":{\"@id\":\"http:\/\/www.funidelia.es\/blog\/ideas-disfraces-bella-y-bestia\/#primaryimage\"},\"thumbnailUrl\":\"http:\/\/www.funidelia.es\/blog\/wp-content\/uploads\/2016\/11\/bella.jpg\",\"keywords\":[\"La Bella y La Bestia\"],\"articleSection\":[\"Ideas para disfraces de pel\u00edculas\"],\"inLanguage\":\"es\",\"potentialAction\":[{\"@type\":\"CommentAction\",\"name\":\"Comment\",\"target\":[\"http:\/\/www.funidelia.es\/blog\/ideas-disfraces-bella-y-bestia\/#respond\"]}]},{\"@type\":\"WebPage\",\"@id\":\"http:\/\/www.funidelia.es\/blog\/ideas-disfraces-bella-y-bestia\/\",\"url\":\"http:\/\/www.funidelia.es\/blog\/ideas-disfraces-bella-y-bestia\/\",\"name\":\"Disfraces de la Bella y la Bestia para la Nueva Pel\u00edcula. \u00a1Qu\u00e9 fest\u00edn! \u265b\",\"isPartOf\":{\"@id\":\"https:\/\/www.funidelia.es\/blog\/#website\"},\"primaryImageOfPage\":{\"@id\":\"http:\/\/www.funidelia.es\/blog\/ideas-disfraces-bella-y-bestia\/#primaryimage\"},\"image\":{\"@id\":\"http:\/\/www.funidelia.es\/blog\/ideas-disfraces-bella-y-bestia\/#primaryimage\"},\"thumbnailUrl\":\"http:\/\/www.funidelia.es\/blog\/wp-content\/uploads\/2016\/11\/bella.jpg\",\"datePublished\":\"2017-03-14T11:37:48+00:00\",\"dateModified\":\"2024-08-08T10:35:42+00:00\",\"author\":{\"@id\":\"https:\/\/www.funidelia.es\/blog\/#\/schema\/person\/da3e744414835ef8b03b0a630f03dfc4\"},\"description\":\"Si tu princesa favorita es Bella y esperas el estreno de La Bella y la Bestia en marzo de 2017, no te pierdas estos disfraces de La Bella y la Bestia.\",\"breadcrumb\":{\"@id\":\"http:\/\/www.funidelia.es\/blog\/ideas-disfraces-bella-y-bestia\/#breadcrumb\"},\"inLanguage\":\"es\",\"potentialAction\":[{\"@type\":\"ReadAction\",\"target\":[\"http:\/\/www.funidelia.es\/blog\/ideas-disfraces-bella-y-bestia\/\"]}]},{\"@type\":\"ImageObject\",\"inLanguage\":\"es\",\"@id\":\"http:\/\/www.funidelia.es\/blog\/ideas-disfraces-bella-y-bestia\/#primaryimage\",\"url\":\"http:\/\/www.funidelia.es\/blog\/wp-content\/uploads\/2016\/11\/bella.jpg\",\"contentUrl\":\"http:\/\/www.funidelia.es\/blog\/wp-content\/uploads\/2016\/11\/bella.jpg\",\"width\":800,\"height\":471},{\"@type\":\"BreadcrumbList\",\"@id\":\"http:\/\/www.funidelia.es\/blog\/ideas-disfraces-bella-y-bestia\/#breadcrumb\",\"itemListElement\":[{\"@type\":\"ListItem\",\"position\":1,\"name\":\"Portada\",\"item\":\"http:\/\/www.funidelia.es\/blog\/\"},{\"@type\":\"ListItem\",\"position\":2,\"name\":\"\u00a1Qu\u00e9 fest\u00edn vamos a dar con la nueva pel\u00edcula de la Bella y la Bestia!\u265b\"}]},{\"@type\":\"WebSite\",\"@id\":\"https:\/\/www.funidelia.es\/blog\/#website\",\"url\":\"https:\/\/www.funidelia.es\/blog\/\",\"name\":\"Ideas para disfrazarse - Blog de Funidelia\",\"description\":\"\",\"potentialAction\":[{\"@type\":\"SearchAction\",\"target\":{\"@type\":\"EntryPoint\",\"urlTemplate\":\"https:\/\/www.funidelia.es\/blog\/?s={search_term_string}\"},\"query-input\":{\"@type\":\"PropertyValueSpecification\",\"valueRequired\":true,\"valueName\":\"search_term_string\"}}],\"inLanguage\":\"es\"},{\"@type\":\"Person\",\"@id\":\"https:\/\/www.funidelia.es\/blog\/#\/schema\/person\/da3e744414835ef8b03b0a630f03dfc4\",\"name\":\"Paula Colera\",\"image\":{\"@type\":\"ImageObject\",\"inLanguage\":\"es\",\"@id\":\"https:\/\/www.funidelia.es\/blog\/#\/schema\/person\/image\/\",\"url\":\"https:\/\/secure.gravatar.com\/avatar\/4dc497c75e80115b92f25345ceb247380b8893489b98581df5ceb26592e68bfa?s=96&d=mm&r=g\",\"contentUrl\":\"https:\/\/secure.gravatar.com\/avatar\/4dc497c75e80115b92f25345ceb247380b8893489b98581df5ceb26592e68bfa?s=96&d=mm&r=g\",\"caption\":\"Paula Colera\"}}]}<\/script>\n<!-- \/ Yoast SEO plugin. -->","yoast_head_json":{"title":"Disfraces de la Bella y la Bestia para la Nueva Pel\u00edcula. \u00a1Qu\u00e9 fest\u00edn! \u265b","description":"Si tu princesa favorita es Bella y esperas el estreno de La Bella y la Bestia en marzo de 2017, no te pierdas estos disfraces de La Bella y la Bestia.","robots":{"index":"index","follow":"follow","max-snippet":"max-snippet:-1","max-image-preview":"max-image-preview:large","max-video-preview":"max-video-preview:-1"},"canonical":"http:\/\/www.funidelia.es\/blog\/ideas-disfraces-bella-y-bestia\/","og_locale":"es_ES","og_type":"article","og_title":"Disfraces de la Bella y la Bestia para la Nueva Pel\u00edcula. \u00a1Qu\u00e9 fest\u00edn! \u265b","og_description":"Si tu princesa favorita es Bella y esperas el estreno de La Bella y la Bestia en marzo de 2017, no te pierdas estos disfraces de La Bella y la Bestia.","og_url":"http:\/\/www.funidelia.es\/blog\/ideas-disfraces-bella-y-bestia\/","og_site_name":"Ideas para disfrazarse - Blog de Funidelia","article_publisher":"https:\/\/www.facebook.com\/funidelia","article_published_time":"2017-03-14T11:37:48+00:00","article_modified_time":"2024-08-08T10:35:42+00:00","og_image":[{"width":800,"height":471,"url":"http:\/\/www.funidelia.es\/blog\/wp-content\/uploads\/2016\/11\/bella.jpg","type":"image\/jpeg"}],"author":"Paula Colera","twitter_card":"summary_large_image","twitter_creator":"@funidelia","twitter_site":"@funidelia","twitter_misc":{"Escrito por":"Paula Colera","Tiempo de lectura":"4 minutos"},"schema":{"@context":"https:\/\/schema.org","@graph":[{"@type":"Article","@id":"http:\/\/www.funidelia.es\/blog\/ideas-disfraces-bella-y-bestia\/#article","isPartOf":{"@id":"http:\/\/www.funidelia.es\/blog\/ideas-disfraces-bella-y-bestia\/"},"author":{"name":"Paula Colera","@id":"https:\/\/www.funidelia.es\/blog\/#\/schema\/person\/da3e744414835ef8b03b0a630f03dfc4"},"headline":"\u00a1Qu\u00e9 fest\u00edn vamos a dar con la nueva pel\u00edcula de la Bella y la Bestia!\u265b","datePublished":"2017-03-14T11:37:48+00:00","dateModified":"2024-08-08T10:35:42+00:00","mainEntityOfPage":{"@id":"http:\/\/www.funidelia.es\/blog\/ideas-disfraces-bella-y-bestia\/"},"wordCount":842,"commentCount":0,"image":{"@id":"http:\/\/www.funidelia.es\/blog\/ideas-disfraces-bella-y-bestia\/#primaryimage"},"thumbnailUrl":"http:\/\/www.funidelia.es\/blog\/wp-content\/uploads\/2016\/11\/bella.jpg","keywords":["La Bella y La Bestia"],"articleSection":["Ideas para disfraces de pel\u00edculas"],"inLanguage":"es","potentialAction":[{"@type":"CommentAction","name":"Comment","target":["http:\/\/www.funidelia.es\/blog\/ideas-disfraces-bella-y-bestia\/#respond"]}]},{"@type":"WebPage","@id":"http:\/\/www.funidelia.es\/blog\/ideas-disfraces-bella-y-bestia\/","url":"http:\/\/www.funidelia.es\/blog\/ideas-disfraces-bella-y-bestia\/","name":"Disfraces de la Bella y la Bestia para la Nueva Pel\u00edcula. \u00a1Qu\u00e9 fest\u00edn! \u265b","isPartOf":{"@id":"https:\/\/www.funidelia.es\/blog\/#website"},"primaryImageOfPage":{"@id":"http:\/\/www.funidelia.es\/blog\/ideas-disfraces-bella-y-bestia\/#primaryimage"},"image":{"@id":"http:\/\/www.funidelia.es\/blog\/ideas-disfraces-bella-y-bestia\/#primaryimage"},"thumbnailUrl":"http:\/\/www.funidelia.es\/blog\/wp-content\/uploads\/2016\/11\/bella.jpg","datePublished":"2017-03-14T11:37:48+00:00","dateModified":"2024-08-08T10:35:42+00:00","author":{"@id":"https:\/\/www.funidelia.es\/blog\/#\/schema\/person\/da3e744414835ef8b03b0a630f03dfc4"},"description":"Si tu princesa favorita es Bella y esperas el estreno de La Bella y la Bestia en marzo de 2017, no te pierdas estos disfraces de La Bella y la Bestia.","breadcrumb":{"@id":"http:\/\/www.funidelia.es\/blog\/ideas-disfraces-bella-y-bestia\/#breadcrumb"},"inLanguage":"es","potentialAction":[{"@type":"ReadAction","target":["http:\/\/www.funidelia.es\/blog\/ideas-disfraces-bella-y-bestia\/"]}]},{"@type":"ImageObject","inLanguage":"es","@id":"http:\/\/www.funidelia.es\/blog\/ideas-disfraces-bella-y-bestia\/#primaryimage","url":"http:\/\/www.funidelia.es\/blog\/wp-content\/uploads\/2016\/11\/bella.jpg","contentUrl":"http:\/\/www.funidelia.es\/blog\/wp-content\/uploads\/2016\/11\/bella.jpg","width":800,"height":471},{"@type":"BreadcrumbList","@id":"http:\/\/www.funidelia.es\/blog\/ideas-disfraces-bella-y-bestia\/#breadcrumb","itemListElement":[{"@type":"ListItem","position":1,"name":"Portada","item":"http:\/\/www.funidelia.es\/blog\/"},{"@type":"ListItem","position":2,"name":"\u00a1Qu\u00e9 fest\u00edn vamos a dar con la nueva pel\u00edcula de la Bella y la Bestia!\u265b"}]},{"@type":"WebSite","@id":"https:\/\/www.funidelia.es\/blog\/#website","url":"https:\/\/www.funidelia.es\/blog\/","name":"Ideas para disfrazarse - Blog de Funidelia","description":"","potentialAction":[{"@type":"SearchAction","target":{"@type":"EntryPoint","urlTemplate":"https:\/\/www.funidelia.es\/blog\/?s={search_term_string}"},"query-input":{"@type":"PropertyValueSpecification","valueRequired":true,"valueName":"search_term_string"}}],"inLanguage":"es"},{"@type":"Person","@id":"https:\/\/www.funidelia.es\/blog\/#\/schema\/person\/da3e744414835ef8b03b0a630f03dfc4","name":"Paula Colera","image":{"@type":"ImageObject","inLanguage":"es","@id":"https:\/\/www.funidelia.es\/blog\/#\/schema\/person\/image\/","url":"https:\/\/secure.gravatar.com\/avatar\/4dc497c75e80115b92f25345ceb247380b8893489b98581df5ceb26592e68bfa?s=96&d=mm&r=g","contentUrl":"https:\/\/secure.gravatar.com\/avatar\/4dc497c75e80115b92f25345ceb247380b8893489b98581df5ceb26592e68bfa?s=96&d=mm&r=g","caption":"Paula Colera"}}]}},"_links":{"self":[{"href":"http:\/\/www.funidelia.es\/blog\/wp-json\/wp\/v2\/posts\/10824","targetHints":{"allow":["GET"]}}],"collection":[{"href":"http:\/\/www.funidelia.es\/blog\/wp-json\/wp\/v2\/posts"}],"about":[{"href":"http:\/\/www.funidelia.es\/blog\/wp-json\/wp\/v2\/types\/post"}],"author":[{"embeddable":true,"href":"http:\/\/www.funidelia.es\/blog\/wp-json\/wp\/v2\/users\/11"}],"replies":[{"embeddable":true,"href":"http:\/\/www.funidelia.es\/blog\/wp-json\/wp\/v2\/comments?post=10824"}],"version-history":[{"count":8,"href":"http:\/\/www.funidelia.es\/blog\/wp-json\/wp\/v2\/posts\/10824\/revisions"}],"predecessor-version":[{"id":25319,"href":"http:\/\/www.funidelia.es\/blog\/wp-json\/wp\/v2\/posts\/10824\/revisions\/25319"}],"wp:featuredmedia":[{"embeddable":true,"href":"http:\/\/www.funidelia.es\/blog\/wp-json\/wp\/v2\/media\/10833"}],"wp:attachment":[{"href":"http:\/\/www.funidelia.es\/blog\/wp-json\/wp\/v2\/media?parent=10824"}],"wp:term":[{"taxonomy":"category","embeddable":true,"href":"http:\/\/www.funidelia.es\/blog\/wp-json\/wp\/v2\/categories?post=10824"},{"taxonomy":"post_tag","embeddable":true,"href":"http:\/\/www.funidelia.es\/blog\/wp-json\/wp\/v2\/tags?post=10824"}],"curies":[{"name":"wp","href":"https:\/\/api.w.org\/{rel}","templated":true}]}}
