{"id":3739,"date":"2015-12-04T09:20:10","date_gmt":"2015-12-04T08:20:10","guid":{"rendered":"https:\/\/www.comodisfrazarse.com\/?p=3739"},"modified":"2024-08-08T12:47:46","modified_gmt":"2024-08-08T10:47:46","slug":"como-disfrazarse-elfo-navideno","status":"publish","type":"post","link":"http:\/\/www.funidelia.es\/blog\/como-disfrazarse-elfo-navideno\/","title":{"rendered":"Como disfrazarse de modo casero de Elfo Navide\u00f1o: \u00a1El disfraz m\u00e1s buscado en Navidad!"},"content":{"rendered":"<h2 style=\"text-align: center;\">Inspiraci\u00f3n<\/h2>\n<p style=\"text-align: justify;\">Estas navidades traemos uno de los look m\u00e1s demandados \u00a0y buscados de diciembre <a title=\"Disfraces de Elfo\" href=\"https:\/\/www.funidelia.es\/disfraces\/elfo-navidad\/5565\" target=\"_blank\" rel=\"noopener noreferrer\"><strong>\u00a1El disfraz de Elfo Navide\u00f1o!<\/strong><\/a>\u00a0Nos inspiramos en los adorables ayudantes de Pap\u00e1 Noel, sus t\u00fanicas rojas y verdes y sus grandes orejas puntiagudas para hacer este disfraz de Elfo completo.<strong> \u00a1Repartir regalos al lado de Pap\u00e1 Noel ser\u00e1 todo un placer!<\/strong><\/p>\n<div class=\"su-row\"><div class=\"su-column su-column-size-1-2\"><div class=\"su-column-inner su-u-clearfix su-u-trim\"><img loading=\"lazy\" decoding=\"async\" class=\"alignnone\" src=\"https:\/\/www.funidelia.es\/blog\/wp-content\/uploads2\/sites\/7\/2015\/12\/6b54e42d34ac8f3279d7c9dee68aeb1c.jpg\" alt=\"\" width=\"367\" height=\"793\" \/><\/div><\/div><div class=\"su-column su-column-size-1-2\"><div class=\"su-column-inner su-u-clearfix su-u-trim\"><img loading=\"lazy\" decoding=\"async\" class=\"alignnone\" src=\"https:\/\/www.funidelia.es\/blog\/wp-content\/uploads2\/sites\/7\/2015\/12\/fbeb7d0930a5e02bae1c583e68241b38.jpg\" alt=\"\" width=\"390\" height=\"315\" \/> <img loading=\"lazy\" decoding=\"async\" class=\"alignnone\" src=\"https:\/\/www.funidelia.es\/blog\/wp-content\/uploads2\/sites\/7\/2015\/12\/eff521f83e8cd5420d270700199ea21c.jpg\" alt=\"\" width=\"343\" height=\"471\" \/><\/div><\/div><\/div>\n<h2 style=\"text-align: center;\">C\u00f3mo conseguir el look<\/h2>\n<h3>\u2765 El maquillaje<\/h3>\n<p style=\"text-align: justify;\">Para seguir este <strong>maquillaje de Elfo<\/strong> puedes ver el <a title=\"Tutorial C\u00f3mo Disfrazarse de Elfo Navide\u00f1o\" href=\"https:\/\/www.youtube.com\/watch?v=LEnWxuMegMM\" target=\"_blank\" rel=\"noopener noreferrer\"><strong>video tutorial de Sara G<\/strong><\/a>, que ha creado un\u00a0look muy\u00a0atrevido y original para estas navidades, adem\u00e1s nos ense\u00f1a\u00a0<strong>c\u00f3mo ponerse las orejas de elfo<\/strong> de forma f\u00e1cil y duradera. Tambi\u00e9n puedes seguir este <strong>Paso a Paso<\/strong> del look.<\/p>\n<p style=\"text-align: justify;\">\u00a0<div class=\"su-row\"><div class=\"su-column su-column-size-1-3\"><div class=\"su-column-inner su-u-clearfix su-u-trim\"><img loading=\"lazy\" decoding=\"async\" class=\"alignnone wp-image-3744\" src=\"https:\/\/www.funidelia.es\/blog\/wp-content\/uploads2\/sites\/7\/2015\/11\/reno-sara-g-1.jpg\" alt=\"reno sara g 1\" width=\"487\" height=\"707\" \/><\/div><\/div><div class=\"su-column su-column-size-1-3\"><div class=\"su-column-inner su-u-clearfix su-u-trim\"><img loading=\"lazy\" decoding=\"async\" class=\"alignnone wp-image-3745\" src=\"https:\/\/www.funidelia.es\/blog\/wp-content\/uploads2\/sites\/7\/2015\/11\/reno-sara-g-2.jpg\" alt=\"reno sara g 2\" width=\"492\" height=\"714\" \/><\/div><\/div><div class=\"su-column su-column-size-1-3\"><div class=\"su-column-inner su-u-clearfix su-u-trim\"><img loading=\"lazy\" decoding=\"async\" class=\"alignnone wp-image-3746\" src=\"https:\/\/www.funidelia.es\/blog\/wp-content\/uploads2\/sites\/7\/2015\/11\/reno-sara-g-3.jpg\" alt=\"reno sara g 3\" width=\"490\" height=\"711\" \/><\/div><\/div><\/div>\n<p style=\"text-align: justify;\"><div class=\"su-row\"><div class=\"su-column su-column-size-1-3\"><div class=\"su-column-inner su-u-clearfix su-u-trim\"><strong>Paso 1:<\/strong> Tapa las cejas con derma wax y cam\u00faflalas con maquillaje para pintar despu\u00e9s encima de ellas.<\/div><\/div><div class=\"su-column su-column-size-1-3\"><div class=\"su-column-inner su-u-clearfix su-u-trim\"><strong>Paso 2:<\/strong> Dibuja\u00a0la ceja forma puntiaguda con sombras\u00a0marrones y rojas.<\/div><\/div><div class=\"su-column su-column-size-1-3\"><div class=\"su-column-inner su-u-clearfix su-u-trim\"><strong>Paso 3:<\/strong> Con la misma sombra marr\u00f3n potencia la cuenca del ojo, con m\u00e1s intensidad en la parte m\u00e1s cercana al lagrimal.<\/div><\/div><\/div>\n<div class=\"su-row\"><div class=\"su-column su-column-size-1-3\"><div class=\"su-column-inner su-u-clearfix su-u-trim\"><img loading=\"lazy\" decoding=\"async\" class=\"alignnone wp-image-3747\" src=\"https:\/\/www.funidelia.es\/blog\/wp-content\/uploads2\/sites\/7\/2015\/11\/reno-sara-g-4.jpg\" alt=\"reno sara g 4\" width=\"507\" height=\"735\" \/><\/div><\/div><div class=\"su-column su-column-size-1-3\"><div class=\"su-column-inner su-u-clearfix su-u-trim\"><img loading=\"lazy\" decoding=\"async\" class=\"alignnone wp-image-3748\" src=\"https:\/\/www.funidelia.es\/blog\/wp-content\/uploads2\/sites\/7\/2015\/11\/reno-sara-g-5.jpg\" alt=\"reno sara g 5\" width=\"476\" height=\"691\" \/><\/div><\/div><div class=\"su-column su-column-size-1-3\"><div class=\"su-column-inner su-u-clearfix su-u-trim\"><img loading=\"lazy\" decoding=\"async\" class=\"alignnone wp-image-3754\" src=\"https:\/\/www.funidelia.es\/blog\/wp-content\/uploads2\/sites\/7\/2015\/11\/reno-sara-g-11.jpg\" alt=\"reno sara g 11\" width=\"477\" height=\"693\" \/><\/div><\/div><\/div>\n<p style=\"text-align: justify;\"><div class=\"su-row\"><div class=\"su-column su-column-size-1-3\"><div class=\"su-column-inner su-u-clearfix su-u-trim\"><strong>Paso 4:<\/strong> Acent\u00faa tambi\u00e9n la ojera y rellena el interior con sombra clara como en la imagen.<\/div><\/div><div class=\"su-column su-column-size-1-3\"><div class=\"su-column-inner su-u-clearfix su-u-trim\"><strong>Paso 5:<\/strong>\u00a0Potencia los p\u00f3mulos con bronzer y aplica rimmel en los ojos, antes de las <strong><a title=\"Pesta\u00f1as postizas\" href=\"https:\/\/www.funidelia.es\/pestanas\/1061?utm_source=FunideliaBlog&amp;utm_medium=referral&amp;utm_campaign=151127-blog-comodisfrazarseelfonavidad&amp;utm_fun=01-SM-09-50-0004\" target=\"_blank\" rel=\"noopener noreferrer\">pesta\u00f1as postizas<\/a><\/strong>.<\/div><\/div><div class=\"su-column su-column-size-1-3\"><div class=\"su-column-inner su-u-clearfix su-u-trim\"><strong>Paso 6:<\/strong> Para colocar las pesta\u00f1as, aplica primero el pegamento y ponlas sobre tus pesta\u00f1as, presiona cuando est\u00e9n en el lugar que tu quieras.<\/div><\/div><\/div>\n<h3>Como colocar orejas de elfo<\/h3>\n<div class=\"su-row\"><div class=\"su-column su-column-size-1-4\"><div class=\"su-column-inner su-u-clearfix su-u-trim\"><img loading=\"lazy\" decoding=\"async\" class=\"alignnone size-full wp-image-3749\" src=\"https:\/\/www.funidelia.es\/blog\/wp-content\/uploads2\/sites\/7\/2015\/11\/reno-sara-g-6.jpg\" alt=\"reno sara g 6\" width=\"466\" height=\"676\" \/><\/div><\/div><div class=\"su-column su-column-size-1-4\"><div class=\"su-column-inner su-u-clearfix su-u-trim\"><img loading=\"lazy\" decoding=\"async\" class=\"alignnone size-full wp-image-3750\" src=\"https:\/\/www.funidelia.es\/blog\/wp-content\/uploads2\/sites\/7\/2015\/11\/reno-sara-g-7.jpg\" alt=\"reno sara g 7\" width=\"465\" height=\"675\" \/><\/div><\/div><div class=\"su-column su-column-size-1-4\"><div class=\"su-column-inner su-u-clearfix su-u-trim\"><img loading=\"lazy\" decoding=\"async\" class=\"alignnone size-full wp-image-3752\" src=\"https:\/\/www.funidelia.es\/blog\/wp-content\/uploads2\/sites\/7\/2015\/11\/reno-sara-g-9.jpg\" alt=\"reno sara g 9\" width=\"466\" height=\"677\" \/><\/div><\/div><div class=\"su-column su-column-size-1-4\"><div class=\"su-column-inner su-u-clearfix su-u-trim\"><img loading=\"lazy\" decoding=\"async\" class=\"alignnone size-full wp-image-3751\" src=\"https:\/\/www.funidelia.es\/blog\/wp-content\/uploads2\/sites\/7\/2015\/11\/reno-sara-g-8.jpg\" alt=\"reno sara g 8\" width=\"466\" height=\"677\" \/><\/div><\/div><\/div>\n<p style=\"text-align: justify;\"><div class=\"su-row\"><div class=\"su-column su-column-size-1-4\"><div class=\"su-column-inner su-u-clearfix su-u-trim\"><strong>Paso 1:<\/strong> Aplica mastix o adhesivo l\u00edquido a la pr\u00f3tesis u oreja postiza.<\/div><\/div><div class=\"su-column su-column-size-1-4\"><div class=\"su-column-inner su-u-clearfix su-u-trim\"><strong>Paso 2:<\/strong> Presiona en la parte superior de la oreja para que quede bien fijada.<\/div><\/div><div class=\"su-column su-column-size-1-4\"><div class=\"su-column-inner su-u-clearfix su-u-trim\"><strong>Paso 3:<\/strong> Aplica un poco de maquillaje para unificar el tono y matiza con polvos trasl\u00facidos.<\/div><\/div><div class=\"su-column su-column-size-1-4\"><div class=\"su-column-inner su-u-clearfix su-u-trim\"><strong>Paso 4:<\/strong> Por \u00faltimo separa el pelo en mechones, delante y detr\u00e1s de la oreja y \u00a1ya est\u00e1s lista!<\/div><\/div><\/div>\n<p style=\"text-align: justify;\"><div class=\"su-row\"><div class=\"su-column su-column-size-1-2\"><div class=\"su-column-inner su-u-clearfix su-u-trim\"><img loading=\"lazy\" decoding=\"async\" class=\"alignnone wp-image-3797\" src=\"https:\/\/www.funidelia.es\/blog\/wp-content\/uploads2\/sites\/7\/2015\/12\/pestanas-rosas-con-plumas.jpg\" alt=\"pestanas-rosas-con-plumas\" width=\"304\" height=\"304\" \/><\/div><\/div><div class=\"su-column su-column-size-1-2\"><div class=\"su-column-inner su-u-clearfix su-u-trim\"><img loading=\"lazy\" decoding=\"async\" class=\"alignnone wp-image-3777\" src=\"https:\/\/www.funidelia.es\/blog\/wp-content\/uploads2\/sites\/7\/2015\/12\/orejas-de-elfo-y-pegamento.jpg\" alt=\"orejas-de-elfo-y-pegamento\" width=\"301\" height=\"301\" \/><\/div><\/div><\/div>\n<h4 style=\"text-align: right;\"><strong><a title=\"Maquillaje para disfraces\" href=\"https:\/\/www.funidelia.es\/maquillaje\/5817\" target=\"_blank\" rel=\"noopener noreferrer\">Ver m\u00e1s maquillaje<\/a><\/strong><\/h4>\n<h3>\u2765\u00a0<a title=\"Disfraces de elfo para mujer\" href=\"https:\/\/www.funidelia.es\/disfraces\/elfo-navidad\/5565\" target=\"_blank\" rel=\"noopener noreferrer\">El disfraz<\/a><\/h3>\n<p style=\"text-align: justify;\">Este es el disfraz que lleva Sara G y que luce en este post, una t\u00fanica comod\u00edsima con cintur\u00f3n y gorro incluido. Puedes echar un vistazo a todos los <a title=\"Disfraces de Elfo\" href=\"https:\/\/www.funidelia.es\/disfraces\/elfo-navidad\/5565\" target=\"_blank\" rel=\"noopener noreferrer\">disfraces de elfo navide\u00f1o<\/a> que tenemos, que son muchos y de muchas formas distintas, tambi\u00e9n <a title=\"Disfraces de Elfo para hombre\" href=\"https:\/\/www.funidelia.es\/disfraces\/elfo-navidad\/5565\" target=\"_blank\" rel=\"noopener noreferrer\">para chicos <\/a>y <a title=\"Disfraces de Elfo infantiles\" href=\"https:\/\/www.funidelia.es\/disfraces\/elfo-navidad\/5565\" target=\"_blank\" rel=\"noopener noreferrer\">para los m\u00e1s peque\u00f1os<\/a>.<\/p>\n<p><img loading=\"lazy\" decoding=\"async\" class=\" wp-image-3763 aligncenter\" src=\"https:\/\/www.funidelia.es\/blog\/wp-content\/uploads2\/sites\/7\/2015\/12\/disfraz-de-elfa-verde.jpg\" alt=\"disfraz-de-elfa-verde\" width=\"367\" height=\"735\" \/><\/p>\n<h3 style=\"text-align: center;\">\u2603 DISFRAZ ELFO DIY\u00a0\u2603<\/h3>\n<p style=\"text-align: justify;\">Si quieres hacer un <strong>disfraz de elfo casero,<\/strong> puedes usar el truco del <a title=\"Tut\u00fas\" href=\"https:\/\/www.funidelia.es\/tutus\/1105\" target=\"_blank\" rel=\"noopener noreferrer\">tut\u00fa<\/a>, combin\u00e1ndolo con una camiseta roja o cortar una tela verde\u00a0y cortar los\u00a0picos en la falda. <strong>Te proponemos estos ejemplos:<\/strong><\/p>\n<p style=\"text-align: justify;\"><div class=\"su-row\"><div class=\"su-column su-column-size-1-2\"><div class=\"su-column-inner su-u-clearfix su-u-trim\"><img loading=\"lazy\" decoding=\"async\" class=\"alignnone wp-image-3790 \" src=\"https:\/\/www.funidelia.es\/blog\/wp-content\/uploads2\/sites\/7\/2015\/12\/disfraz-elfo-diy-e1449138753572.jpg\" alt=\"\" width=\"341\" height=\"487\" \/><\/div><\/div><div class=\"su-column su-column-size-1-2\"><div class=\"su-column-inner su-u-clearfix su-u-trim\"><img loading=\"lazy\" decoding=\"async\" class=\"alignnone\" src=\"https:\/\/www.funidelia.es\/blog\/wp-content\/uploads2\/sites\/7\/2015\/12\/67bd554d1baf58f22245621898ba93e4.jpg\" alt=\"\" width=\"441\" height=\"587\" \/><\/div><\/div><\/div>\n<h3 style=\"text-align: center;\"><\/h3>\n<div class=\"su-row\"><div class=\"su-column su-column-size-1-2\"><div class=\"su-column-inner su-u-clearfix su-u-trim\"><img loading=\"lazy\" decoding=\"async\" class=\"alignnone\" src=\"https:\/\/www.funidelia.es\/blog\/wp-content\/uploads2\/sites\/7\/2015\/12\/b87fe3efbf36193f44bd0f6b81c5e160.jpg\" alt=\"\" width=\"240\" height=\"341\" \/><\/div><\/div><div class=\"su-column su-column-size-1-2\"><div class=\"su-column-inner su-u-clearfix su-u-trim\"><img loading=\"lazy\" decoding=\"async\" class=\"alignnone wp-image-3765\" src=\"https:\/\/www.funidelia.es\/blog\/wp-content\/uploads2\/sites\/7\/2015\/12\/tutu-verde-neon-para-mujer.jpg\" alt=\"tutu-verde-neon-para-mujer\" width=\"329\" height=\"329\" \/><\/div><\/div><\/div>\n<h3 style=\"text-align: center;\">\u2603\u00a0NUEVOS DISFRACES NAVIDAD\u00a0\u2603<\/h3>\n<p>No pod\u00edamos continuar sin mostrarte las \u00faltimas novedades en <strong>disfraces navide\u00f1os<\/strong>, son sexys y elegantes al mismo tiempo. <strong>\u00a1Nos encantan las versiones Elfo y Pap\u00e1 Noel! \u00bfA que hacen buena pareja?<\/strong><\/p>\n<div class=\"su-row\"><div class=\"su-column su-column-size-1-2\"><div class=\"su-column-inner su-u-clearfix su-u-trim\"><img loading=\"lazy\" decoding=\"async\" class=\"alignnone\" src=\"https:\/\/static2.funidelia.es\/43528\/disfraz-de-elfa-picara-para-mujer.jpg\" alt=\"\" width=\"533\" height=\"711\" \/><\/div><\/div><div class=\"su-column su-column-size-1-2\"><div class=\"su-column-inner su-u-clearfix su-u-trim\"><img loading=\"lazy\" decoding=\"async\" class=\"alignnone\" src=\"https:\/\/static3.funidelia.es\/43516\/disfraz-mama-noel-fever-para-mujer.jpg\" alt=\"\" width=\"512\" height=\"683\" \/><\/div><\/div><\/div>\n<h3>\u2765\u00a0<a title=\"Accesorios de Elfo y Pap\u00e1 Noel\" href=\"https:\/\/www.funidelia.es\/tematica\/papa-noel-santa-claus\/1413\" target=\"_blank\" rel=\"noopener noreferrer\">Los accesorios<\/a><\/h3>\n<p style=\"text-align: justify;\">Para disfrazarte de Elfo, los <a title=\"Accesorios de Elfo y Pap\u00e1 Noel\" href=\"https:\/\/www.funidelia.es\/tematica\/papa-noel-santa-claus\/1413\" target=\"_blank\" rel=\"noopener noreferrer\"><strong>accesorios<\/strong><\/a> imprescindibles que necesitas para que tu disfraz sea perfecto son; <strong>un gorro, unas medias de rayas y unas babuchas o cubrebotas<\/strong> como los que lleva Sara G en el v\u00eddeo. <strong>\u00a1Te los mostramos todos aqu\u00ed!<\/strong><\/p>\n<div class=\"su-row\"><div class=\"su-column su-column-size-1-2\"><div class=\"su-column-inner su-u-clearfix su-u-trim\"><img loading=\"lazy\" decoding=\"async\" class=\"alignnone wp-image-3776\" src=\"https:\/\/www.funidelia.es\/blog\/wp-content\/uploads2\/sites\/7\/2015\/12\/cubrebotas-de-elfo-navideno.jpg\" alt=\"cubrebotas-de-elfo-navideno\" width=\"302\" height=\"302\" \/> <\/div><\/div><div class=\"su-column su-column-size-1-2\"><div class=\"su-column-inner su-u-clearfix su-u-trim\"><img loading=\"lazy\" decoding=\"async\" class=\"alignnone wp-image-3778\" src=\"https:\/\/www.funidelia.es\/blog\/wp-content\/uploads2\/sites\/7\/2015\/12\/medias-de-elfo.jpg\" alt=\"medias-de-elfo\" width=\"305\" height=\"610\" \/><\/div><\/div><\/div>\n<h2 style=\"text-align: center;\">El toque estrella<\/h2>\n<p style=\"text-align: justify;\">Repartir los regalos de todo el mundo en una sola noche no es tarea f\u00e1cil, por eso hemos elegido a <strong>Super Rudolf<\/strong> para que ayude a nuestra Elfa y a Mam\u00e1 Noel en su larga noche de reparto. Y Super Rudolf no pod\u00eda ser otro que&#8230;<strong> \u00a1el Chico Morera! <\/strong>El famoso youtuber que aparece en el v\u00eddeo est\u00e1 tambi\u00e9n en nuestro look final \ud83d\ude09<\/p>\n<p><img loading=\"lazy\" decoding=\"async\" class=\"wp-image-3769 aligncenter\" src=\"https:\/\/www.funidelia.es\/blog\/wp-content\/uploads2\/sites\/7\/2015\/12\/disfraz-de-super-rudolf-e1449073422473.jpg\" alt=\"\" width=\"434\" height=\"710\" \/><\/p>\n<h2 style=\"text-align: center;\">Que empiece la fiesta<\/h2>\n<p style=\"text-align: justify;\">Antes de terminar <strong>\u00a1qu\u00e9 mejor que una buena fiesta!<\/strong> Reivindica tu condici\u00f3n de Elfo estas navidades y llena la casa de bastones rojos y blancos y decoraci\u00f3n de color verde. Pinterest siempre es una buena fuente donde encontrar inspiraci\u00f3n. Nosotros hemos rescatado estas ideas para que llenes tu fiesta de detalles navide\u00f1os al m\u00e1s puro estilo Elf.<\/p>\n<div class=\"su-row\"><div class=\"su-column su-column-size-1-3\"><div class=\"su-column-inner su-u-clearfix su-u-trim\"><img loading=\"lazy\" decoding=\"async\" class=\"alignnone\" src=\"https:\/\/www.funidelia.es\/blog\/wp-content\/uploads2\/sites\/7\/2015\/12\/28505cbdb72022d77a90d85caac8546a.jpg\" alt=\"\" width=\"284\" height=\"425\" \/><\/div><\/div><div class=\"su-column su-column-size-1-3\"><div class=\"su-column-inner su-u-clearfix su-u-trim\"><img loading=\"lazy\" decoding=\"async\" class=\"alignnone\" src=\"https:\/\/www.funidelia.es\/blog\/wp-content\/uploads2\/sites\/7\/2015\/12\/fd2859808a2c32aa0270b0893a0e5ff5.jpg\" alt=\"\" width=\"281\" height=\"422\" \/><\/div><\/div><div class=\"su-column su-column-size-1-3\"><div class=\"su-column-inner su-u-clearfix su-u-trim\"><img loading=\"lazy\" decoding=\"async\" class=\"alignnone\" src=\"https:\/\/www.funidelia.es\/blog\/wp-content\/uploads2\/sites\/7\/2015\/12\/cc8cd04378d6eee0c5f1ceae7ca979bb.jpg\" alt=\"\" width=\"288\" height=\"432\" \/><\/div><\/div><\/div>\n<h2 style=\"text-align: center;\">El look final<\/h2>\n<p>As\u00ed queda el look final de nuestros look de hoy, y no te olvides de\u00a0Super Rudolf, un disfraz genial y muy original para <a title=\"Todo para Navidad\" href=\"https:\/\/www.funidelia.es\/fiesta\/navidad\/5872?utm_source=FunideliaBlog&amp;utm_medium=referral&amp;utm_campaign=151127-blog-comodisfrazarseelfonavidad&amp;utm_fun=01-SM-09-50-0004\" target=\"_blank\" rel=\"noopener noreferrer\">Navidad<\/a> o cualquier fiesta de disfraces. Disfruta de estas fechas\u00a0con los tuyos y p\u00e1salo en grande con tus\u00a0<a title=\"Disfraces de Elfo \" href=\"https:\/\/www.funidelia.es\/disfraces\/elfo-navidad\/5565\" target=\"_blank\" rel=\"noopener noreferrer\"><strong>disfraces de elfo y reno.<\/strong><\/a><\/p>\n<p><img loading=\"lazy\" decoding=\"async\" class=\"wp-image-3771 aligncenter\" src=\"https:\/\/www.funidelia.es\/blog\/wp-content\/uploads2\/sites\/7\/2015\/12\/Duende_01.png\" alt=\"Duende_01\" width=\"1037\" height=\"579\" \/> <div class=\"su-row\"><div class=\"su-column su-column-size-1-2\"><div class=\"su-column-inner su-u-clearfix su-u-trim\"><img loading=\"lazy\" decoding=\"async\" class=\"alignnone size-full wp-image-3772\" src=\"https:\/\/www.funidelia.es\/blog\/wp-content\/uploads2\/sites\/7\/2015\/12\/duende_04.png\" alt=\"duende_04\" width=\"718\" height=\"1039\" \/><\/div><\/div><div class=\"su-column su-column-size-1-2\"><div class=\"su-column-inner su-u-clearfix su-u-trim\"><img loading=\"lazy\" decoding=\"async\" class=\"alignnone size-full wp-image-3773\" src=\"https:\/\/www.funidelia.es\/blog\/wp-content\/uploads2\/sites\/7\/2015\/12\/sr2.jpg\" alt=\"sr2\" width=\"718\" height=\"1039\" \/><\/div><\/div><\/div>\n<h2 style=\"text-align: center;\">\u00a1Feliz Navidad!<\/h2>\n<p><img loading=\"lazy\" decoding=\"async\" class=\"aligncenter\" src=\"https:\/\/www.funidelia.es\/blog\/wp-content\/uploads2\/sites\/7\/2015\/12\/giphy.gif\" alt=\"\" width=\"607\" height=\"342\" \/><br \/>\n<div class=\"su-divider su-divider-style-default\" style=\"margin:15px 0;border-width:2px;border-color:#999999\"><a href=\"#\" style=\"color:#000000\">Volver arriba<\/a><\/div>\n<div class=\"box-top\">\n<strong class=\"grd\"><span class=\"grd-b\"><img loading=\"lazy\" decoding=\"async\" src=\"https:\/\/i0.wp.com\/static1.funidelia.com\/blog\/uploads\/css_theme\/ico_thebest.png\" alt=\"Flowers\" width=\"38\" height=\"38\" \/>Top Art\u00edculos<\/span><\/strong><br \/>\n<section class=\"latest-post-selection list-div-ordered two-columns content-center ver2\" id=\"lps-e7f469d7b4171df74ef798eba3bd5b1b\" style=\"\" role=\"list\"><article class=\"post-24613 post type-post status-publish format-standard has-post-thumbnail hentry category-ideas-disfraces-caseros-originales has-link\" data-lps-id=\"24613\" role=\"listitem\"><div class=\"article__info\"><h3 class=\"article__title item-title-tag\"><a href=\"http:\/\/www.funidelia.es\/blog\/disfraces-caseros-faciles-de-hacer\/\" title=\"Disfraces caseros f\u00e1ciles de hacer\" class=\"article__link main-link\">Disfraces caseros f\u00e1ciles de hacer<\/a><\/h3><\/div><\/article><article class=\"post-24600 post type-post status-publish format-standard has-post-thumbnail hentry category-ideas-fiestas-decadas has-link\" data-lps-id=\"24600\" role=\"listitem\"><div class=\"article__info\"><h3 class=\"article__title item-title-tag\"><a href=\"http:\/\/www.funidelia.es\/blog\/ideas-disfraces-anos-80-para-una-fiesta-ochentera\/\" title=\"Ideas de disfraces A\u00f1os 80 para una fiesta ochentera\" class=\"article__link main-link\">Ideas de disfraces A\u00f1os 80 para una fiesta ochentera<\/a><\/h3><\/div><\/article><article class=\"post-24579 post type-post status-publish format-standard has-post-thumbnail hentry category-las-mejores-ideas-para-fiestas-tematicas has-link\" data-lps-id=\"24579\" role=\"listitem\"><div class=\"article__info\"><h3 class=\"article__title item-title-tag\"><a href=\"http:\/\/www.funidelia.es\/blog\/ideas-fiestas-tematicas\/\" title=\"Fiestas tem\u00e1ticas\" class=\"article__link main-link\">Fiestas tem\u00e1ticas<\/a><\/h3><\/div><\/article><article class=\"post-23779 post type-post status-publish format-standard has-post-thumbnail hentry category-ideas-disfraces-caseros-originales has-link\" data-lps-id=\"23779\" role=\"listitem\"><div class=\"article__info\"><h3 class=\"article__title item-title-tag\"><a href=\"http:\/\/www.funidelia.es\/blog\/como-hacer-disfraz-harry-potter-casero\/\" title=\"\u26a1\ufe0f C\u00f3mo hacer un disfraz de Harry Potter casero\" class=\"article__link main-link\">\u26a1\ufe0f C\u00f3mo hacer un disfraz de Harry Potter casero<\/a><\/h3><\/div><\/article><article class=\"post-698 post type-post status-publish format-standard has-post-thumbnail hentry category-ideas-decoracion-fiesta-halloween has-link\" data-lps-id=\"698\" role=\"listitem\"><div class=\"article__info\"><h3 class=\"article__title item-title-tag\"><a href=\"http:\/\/www.funidelia.es\/blog\/ideas-decoracion-fiestas-de-halloween\/\" title=\"Ideas de decoracion para una fiesta de Halloween terror\u00edficamente divertida\" class=\"article__link main-link\">Ideas de decoracion para una fiesta de Halloween terror\u00edficamente divertida<\/a><\/h3><\/div><\/article><\/section>\n<\/div>\n<p><a href=\"https:\/\/www.funidelia.es\" title=\"Funidelia Tienda Online\" target=\"_blank\" rel=\"noopener\" class=\"responsive\">\n<picture><source srcset=\"https:\/\/i0.wp.com\/static1.funidelia.com\/blog\/uploads\/css_theme\/funidelia_shop_es_xmobile.png?ver=01\" media=\"(max-width: 640px)\"><source srcset=\"https:\/\/i0.wp.com\/static1.funidelia.com\/blog\/uploads\/css_theme\/funidelia_shop_es_desktop.png\"><img loading=\"lazy\" decoding=\"async\" src=\"https:\/\/i0.wp.com\/static1.funidelia.com\/blog\/uploads\/css_theme\/funidelia_shop_es_desktop.png\" width=\"1120\" height=\"129\" alt=\"Flowers\">\n<\/picture>\n<\/a><\/p>\n<div class=\"box-links\">\n<div class=\"txt\"><img loading=\"lazy\" decoding=\"async\" src=\"https:\/\/i0.wp.com\/static1.funidelia.com\/blog\/uploads\/css_theme\/ico_categories.png?ver=1\" width=\"30\" height=\"30\" border=\"0\" alt\"Categor\u00edas relacionadas\"> Categor\u00edas relacionadas:<\/div>\n<div class=\"su-row\">\n<div class=\"su-column su-column-size-1-4\"><div class=\"su-column-inner su-u-clearfix su-u-trim\"><a href=\"https:\/\/www.funidelia.es\/blog\/ideas-para-disfraces\/\" title=\"C1\" class=\"link-box\"><img loading=\"lazy\" decoding=\"async\" src=\"https:\/\/i0.wp.com\/static1.funidelia.com\/blog\/uploads\/css_theme\/ico_deco_disfraz.png?ver=2\" width=\"26\" height=\"24\" border=\"0\" alt\"Funidelia\"> Disfraces<\/a><\/div><\/div>\n<div class=\"su-column su-column-size-1-4\"><div class=\"su-column-inner su-u-clearfix su-u-trim\"><a href=\"https:\/\/www.funidelia.es\/blog\/ideas-fiestas-tematicas\/\" title=\"C1\" class=\"link-box\"><img loading=\"lazy\" decoding=\"async\" src=\"https:\/\/i0.wp.com\/static1.funidelia.com\/blog\/uploads\/css_theme\/ico_deco_decoracion.png?ver=2\" width=\"26\" height=\"24\" border=\"0\" alt\"Funidelia\">Decoraci\u00f3n<\/a><\/div><\/div>\n<div class=\"su-column su-column-size-1-4\"><div class=\"su-column-inner su-u-clearfix su-u-trim\"><a href=\"https:\/\/www.funidelia.es\/blog\/ideas-para-maquillaje-halloween-original\/\" title=\"C1\" class=\"link-box\"><img loading=\"lazy\" decoding=\"async\" src=\"https:\/\/i0.wp.com\/static1.funidelia.com\/blog\/uploads\/css_theme\/ico_deco_maquillaje.png?ver=2\" width=\"26\" height=\"24\" border=\"0\" alt\"Funidelia\">Maquillaje<\/a><\/div><\/div>\n<div class=\"su-column su-column-size-1-4\"><div class=\"su-column-inner su-u-clearfix su-u-trim\"><a href=\"https:\/\/www.funidelia.es\/blog\/disfraces-caseros-faciles-de-hacer\/\" title=\"C1\" class=\"link-box\"><img loading=\"lazy\" decoding=\"async\" src=\"https:\/\/i0.wp.com\/static1.funidelia.com\/blog\/uploads\/css_theme\/ico_deco_diy.png?ver=2\" width=\"26\" height=\"24\" border=\"0\" alt\"Funidelia\">Caseros &#038; DIY<\/a><\/div><\/div>\n<\/div>\n<\/div>\n","protected":false},"excerpt":{"rendered":"<p>\u00a1Esta Navidad disfr\u00e1zate de Elfo! No te pierdas nuestros consejos y el v\u00eddeo tutorial de Sara G para hacer tu disfraz al completo.<\/p>\n","protected":false},"author":11,"featured_media":17602,"comment_status":"open","ping_status":"open","sticky":false,"template":"","format":"standard","meta":{"fifu_image_url":"","fifu_image_alt":"","footnotes":""},"categories":[1422,1423],"tags":[450],"class_list":["post-3739","post","type-post","status-publish","format-standard","has-post-thumbnail","hentry","category-ideas-para-disfraces","category-ideas-disfraces-caseros-originales","tag-elfo-de-papa-noel"],"yoast_head":"<!-- This site is optimized with the Yoast SEO plugin v26.7 - https:\/\/yoast.com\/wordpress\/plugins\/seo\/ -->\n<title>C\u00f3mo disfrazarse de Elfo Navide\u00f1o: DIY + Tutorial Sara G<\/title>\n<meta name=\"description\" content=\"Sigue paso a paso los trucos de Como Disfrazarse y haz tu disfraz de Elfo Navide\u00f1o al completo. Disfraces, maquillaje, accesorios y \u00a1todo lo que necesitas!\" \/>\n<meta name=\"robots\" content=\"index, follow, max-snippet:-1, max-image-preview:large, max-video-preview:-1\" \/>\n<link rel=\"canonical\" href=\"http:\/\/www.funidelia.es\/blog\/como-disfrazarse-elfo-navideno\/\" \/>\n<meta property=\"og:locale\" content=\"es_ES\" \/>\n<meta property=\"og:type\" content=\"article\" \/>\n<meta property=\"og:title\" content=\"C\u00f3mo disfrazarse de Elfo Navide\u00f1o: DIY + Tutorial Sara G\" \/>\n<meta property=\"og:description\" content=\"Sigue paso a paso los trucos de Como Disfrazarse y haz tu disfraz de Elfo Navide\u00f1o al completo. Disfraces, maquillaje, accesorios y \u00a1todo lo que necesitas!\" \/>\n<meta property=\"og:url\" content=\"http:\/\/www.funidelia.es\/blog\/como-disfrazarse-elfo-navideno\/\" \/>\n<meta property=\"og:site_name\" content=\"Ideas para disfrazarse - Blog de Funidelia\" \/>\n<meta property=\"article:publisher\" content=\"https:\/\/www.facebook.com\/funidelia\" \/>\n<meta property=\"article:published_time\" content=\"2015-12-04T08:20:10+00:00\" \/>\n<meta property=\"article:modified_time\" content=\"2024-08-08T10:47:46+00:00\" \/>\n<meta property=\"og:image\" content=\"http:\/\/www.funidelia.es\/blog\/wp-content\/uploads\/2015\/12\/Duende_01.png\" \/>\n\t<meta property=\"og:image:width\" content=\"1801\" \/>\n\t<meta property=\"og:image:height\" content=\"1006\" \/>\n\t<meta property=\"og:image:type\" content=\"image\/png\" \/>\n<meta name=\"author\" content=\"Paula Colera\" \/>\n<meta name=\"twitter:card\" content=\"summary_large_image\" \/>\n<meta name=\"twitter:creator\" content=\"@funidelia\" \/>\n<meta name=\"twitter:site\" content=\"@funidelia\" \/>\n<meta name=\"twitter:label1\" content=\"Escrito por\" \/>\n\t<meta name=\"twitter:data1\" content=\"Paula Colera\" \/>\n\t<meta name=\"twitter:label2\" content=\"Tiempo de lectura\" \/>\n\t<meta name=\"twitter:data2\" content=\"5 minutos\" \/>\n<script type=\"application\/ld+json\" class=\"yoast-schema-graph\">{\"@context\":\"https:\/\/schema.org\",\"@graph\":[{\"@type\":\"Article\",\"@id\":\"http:\/\/www.funidelia.es\/blog\/como-disfrazarse-elfo-navideno\/#article\",\"isPartOf\":{\"@id\":\"http:\/\/www.funidelia.es\/blog\/como-disfrazarse-elfo-navideno\/\"},\"author\":{\"name\":\"Paula Colera\",\"@id\":\"https:\/\/www.funidelia.es\/blog\/#\/schema\/person\/da3e744414835ef8b03b0a630f03dfc4\"},\"headline\":\"Como disfrazarse de modo casero de Elfo Navide\u00f1o: \u00a1El disfraz m\u00e1s buscado en Navidad!\",\"datePublished\":\"2015-12-04T08:20:10+00:00\",\"dateModified\":\"2024-08-08T10:47:46+00:00\",\"mainEntityOfPage\":{\"@id\":\"http:\/\/www.funidelia.es\/blog\/como-disfrazarse-elfo-navideno\/\"},\"wordCount\":1024,\"commentCount\":0,\"image\":{\"@id\":\"http:\/\/www.funidelia.es\/blog\/como-disfrazarse-elfo-navideno\/#primaryimage\"},\"thumbnailUrl\":\"http:\/\/www.funidelia.es\/blog\/wp-content\/uploads\/2015\/12\/Duende_01.png\",\"keywords\":[\"Elfo Navide\u00f1o\"],\"articleSection\":[\"Ideas para Disfraces\",\"Ideas para disfraces caseros\"],\"inLanguage\":\"es\",\"potentialAction\":[{\"@type\":\"CommentAction\",\"name\":\"Comment\",\"target\":[\"http:\/\/www.funidelia.es\/blog\/como-disfrazarse-elfo-navideno\/#respond\"]}]},{\"@type\":\"WebPage\",\"@id\":\"http:\/\/www.funidelia.es\/blog\/como-disfrazarse-elfo-navideno\/\",\"url\":\"http:\/\/www.funidelia.es\/blog\/como-disfrazarse-elfo-navideno\/\",\"name\":\"C\u00f3mo disfrazarse de Elfo Navide\u00f1o: DIY + Tutorial Sara G\",\"isPartOf\":{\"@id\":\"https:\/\/www.funidelia.es\/blog\/#website\"},\"primaryImageOfPage\":{\"@id\":\"http:\/\/www.funidelia.es\/blog\/como-disfrazarse-elfo-navideno\/#primaryimage\"},\"image\":{\"@id\":\"http:\/\/www.funidelia.es\/blog\/como-disfrazarse-elfo-navideno\/#primaryimage\"},\"thumbnailUrl\":\"http:\/\/www.funidelia.es\/blog\/wp-content\/uploads\/2015\/12\/Duende_01.png\",\"datePublished\":\"2015-12-04T08:20:10+00:00\",\"dateModified\":\"2024-08-08T10:47:46+00:00\",\"author\":{\"@id\":\"https:\/\/www.funidelia.es\/blog\/#\/schema\/person\/da3e744414835ef8b03b0a630f03dfc4\"},\"description\":\"Sigue paso a paso los trucos de Como Disfrazarse y haz tu disfraz de Elfo Navide\u00f1o al completo. Disfraces, maquillaje, accesorios y \u00a1todo lo que necesitas!\",\"breadcrumb\":{\"@id\":\"http:\/\/www.funidelia.es\/blog\/como-disfrazarse-elfo-navideno\/#breadcrumb\"},\"inLanguage\":\"es\",\"potentialAction\":[{\"@type\":\"ReadAction\",\"target\":[\"http:\/\/www.funidelia.es\/blog\/como-disfrazarse-elfo-navideno\/\"]}]},{\"@type\":\"ImageObject\",\"inLanguage\":\"es\",\"@id\":\"http:\/\/www.funidelia.es\/blog\/como-disfrazarse-elfo-navideno\/#primaryimage\",\"url\":\"http:\/\/www.funidelia.es\/blog\/wp-content\/uploads\/2015\/12\/Duende_01.png\",\"contentUrl\":\"http:\/\/www.funidelia.es\/blog\/wp-content\/uploads\/2015\/12\/Duende_01.png\",\"width\":1801,\"height\":1006},{\"@type\":\"BreadcrumbList\",\"@id\":\"http:\/\/www.funidelia.es\/blog\/como-disfrazarse-elfo-navideno\/#breadcrumb\",\"itemListElement\":[{\"@type\":\"ListItem\",\"position\":1,\"name\":\"Portada\",\"item\":\"http:\/\/www.funidelia.es\/blog\/\"},{\"@type\":\"ListItem\",\"position\":2,\"name\":\"Como disfrazarse de modo casero de Elfo Navide\u00f1o: \u00a1El disfraz m\u00e1s buscado en Navidad!\"}]},{\"@type\":\"WebSite\",\"@id\":\"https:\/\/www.funidelia.es\/blog\/#website\",\"url\":\"https:\/\/www.funidelia.es\/blog\/\",\"name\":\"Ideas para disfrazarse - Blog de Funidelia\",\"description\":\"\",\"potentialAction\":[{\"@type\":\"SearchAction\",\"target\":{\"@type\":\"EntryPoint\",\"urlTemplate\":\"https:\/\/www.funidelia.es\/blog\/?s={search_term_string}\"},\"query-input\":{\"@type\":\"PropertyValueSpecification\",\"valueRequired\":true,\"valueName\":\"search_term_string\"}}],\"inLanguage\":\"es\"},{\"@type\":\"Person\",\"@id\":\"https:\/\/www.funidelia.es\/blog\/#\/schema\/person\/da3e744414835ef8b03b0a630f03dfc4\",\"name\":\"Paula Colera\",\"image\":{\"@type\":\"ImageObject\",\"inLanguage\":\"es\",\"@id\":\"https:\/\/www.funidelia.es\/blog\/#\/schema\/person\/image\/\",\"url\":\"https:\/\/secure.gravatar.com\/avatar\/4dc497c75e80115b92f25345ceb247380b8893489b98581df5ceb26592e68bfa?s=96&d=mm&r=g\",\"contentUrl\":\"https:\/\/secure.gravatar.com\/avatar\/4dc497c75e80115b92f25345ceb247380b8893489b98581df5ceb26592e68bfa?s=96&d=mm&r=g\",\"caption\":\"Paula Colera\"}}]}<\/script>\n<!-- \/ Yoast SEO plugin. -->","yoast_head_json":{"title":"C\u00f3mo disfrazarse de Elfo Navide\u00f1o: DIY + Tutorial Sara G","description":"Sigue paso a paso los trucos de Como Disfrazarse y haz tu disfraz de Elfo Navide\u00f1o al completo. Disfraces, maquillaje, accesorios y \u00a1todo lo que necesitas!","robots":{"index":"index","follow":"follow","max-snippet":"max-snippet:-1","max-image-preview":"max-image-preview:large","max-video-preview":"max-video-preview:-1"},"canonical":"http:\/\/www.funidelia.es\/blog\/como-disfrazarse-elfo-navideno\/","og_locale":"es_ES","og_type":"article","og_title":"C\u00f3mo disfrazarse de Elfo Navide\u00f1o: DIY + Tutorial Sara G","og_description":"Sigue paso a paso los trucos de Como Disfrazarse y haz tu disfraz de Elfo Navide\u00f1o al completo. Disfraces, maquillaje, accesorios y \u00a1todo lo que necesitas!","og_url":"http:\/\/www.funidelia.es\/blog\/como-disfrazarse-elfo-navideno\/","og_site_name":"Ideas para disfrazarse - Blog de Funidelia","article_publisher":"https:\/\/www.facebook.com\/funidelia","article_published_time":"2015-12-04T08:20:10+00:00","article_modified_time":"2024-08-08T10:47:46+00:00","og_image":[{"width":1801,"height":1006,"url":"http:\/\/www.funidelia.es\/blog\/wp-content\/uploads\/2015\/12\/Duende_01.png","type":"image\/png"}],"author":"Paula Colera","twitter_card":"summary_large_image","twitter_creator":"@funidelia","twitter_site":"@funidelia","twitter_misc":{"Escrito por":"Paula Colera","Tiempo de lectura":"5 minutos"},"schema":{"@context":"https:\/\/schema.org","@graph":[{"@type":"Article","@id":"http:\/\/www.funidelia.es\/blog\/como-disfrazarse-elfo-navideno\/#article","isPartOf":{"@id":"http:\/\/www.funidelia.es\/blog\/como-disfrazarse-elfo-navideno\/"},"author":{"name":"Paula Colera","@id":"https:\/\/www.funidelia.es\/blog\/#\/schema\/person\/da3e744414835ef8b03b0a630f03dfc4"},"headline":"Como disfrazarse de modo casero de Elfo Navide\u00f1o: \u00a1El disfraz m\u00e1s buscado en Navidad!","datePublished":"2015-12-04T08:20:10+00:00","dateModified":"2024-08-08T10:47:46+00:00","mainEntityOfPage":{"@id":"http:\/\/www.funidelia.es\/blog\/como-disfrazarse-elfo-navideno\/"},"wordCount":1024,"commentCount":0,"image":{"@id":"http:\/\/www.funidelia.es\/blog\/como-disfrazarse-elfo-navideno\/#primaryimage"},"thumbnailUrl":"http:\/\/www.funidelia.es\/blog\/wp-content\/uploads\/2015\/12\/Duende_01.png","keywords":["Elfo Navide\u00f1o"],"articleSection":["Ideas para Disfraces","Ideas para disfraces caseros"],"inLanguage":"es","potentialAction":[{"@type":"CommentAction","name":"Comment","target":["http:\/\/www.funidelia.es\/blog\/como-disfrazarse-elfo-navideno\/#respond"]}]},{"@type":"WebPage","@id":"http:\/\/www.funidelia.es\/blog\/como-disfrazarse-elfo-navideno\/","url":"http:\/\/www.funidelia.es\/blog\/como-disfrazarse-elfo-navideno\/","name":"C\u00f3mo disfrazarse de Elfo Navide\u00f1o: DIY + Tutorial Sara G","isPartOf":{"@id":"https:\/\/www.funidelia.es\/blog\/#website"},"primaryImageOfPage":{"@id":"http:\/\/www.funidelia.es\/blog\/como-disfrazarse-elfo-navideno\/#primaryimage"},"image":{"@id":"http:\/\/www.funidelia.es\/blog\/como-disfrazarse-elfo-navideno\/#primaryimage"},"thumbnailUrl":"http:\/\/www.funidelia.es\/blog\/wp-content\/uploads\/2015\/12\/Duende_01.png","datePublished":"2015-12-04T08:20:10+00:00","dateModified":"2024-08-08T10:47:46+00:00","author":{"@id":"https:\/\/www.funidelia.es\/blog\/#\/schema\/person\/da3e744414835ef8b03b0a630f03dfc4"},"description":"Sigue paso a paso los trucos de Como Disfrazarse y haz tu disfraz de Elfo Navide\u00f1o al completo. Disfraces, maquillaje, accesorios y \u00a1todo lo que necesitas!","breadcrumb":{"@id":"http:\/\/www.funidelia.es\/blog\/como-disfrazarse-elfo-navideno\/#breadcrumb"},"inLanguage":"es","potentialAction":[{"@type":"ReadAction","target":["http:\/\/www.funidelia.es\/blog\/como-disfrazarse-elfo-navideno\/"]}]},{"@type":"ImageObject","inLanguage":"es","@id":"http:\/\/www.funidelia.es\/blog\/como-disfrazarse-elfo-navideno\/#primaryimage","url":"http:\/\/www.funidelia.es\/blog\/wp-content\/uploads\/2015\/12\/Duende_01.png","contentUrl":"http:\/\/www.funidelia.es\/blog\/wp-content\/uploads\/2015\/12\/Duende_01.png","width":1801,"height":1006},{"@type":"BreadcrumbList","@id":"http:\/\/www.funidelia.es\/blog\/como-disfrazarse-elfo-navideno\/#breadcrumb","itemListElement":[{"@type":"ListItem","position":1,"name":"Portada","item":"http:\/\/www.funidelia.es\/blog\/"},{"@type":"ListItem","position":2,"name":"Como disfrazarse de modo casero de Elfo Navide\u00f1o: \u00a1El disfraz m\u00e1s buscado en Navidad!"}]},{"@type":"WebSite","@id":"https:\/\/www.funidelia.es\/blog\/#website","url":"https:\/\/www.funidelia.es\/blog\/","name":"Ideas para disfrazarse - Blog de Funidelia","description":"","potentialAction":[{"@type":"SearchAction","target":{"@type":"EntryPoint","urlTemplate":"https:\/\/www.funidelia.es\/blog\/?s={search_term_string}"},"query-input":{"@type":"PropertyValueSpecification","valueRequired":true,"valueName":"search_term_string"}}],"inLanguage":"es"},{"@type":"Person","@id":"https:\/\/www.funidelia.es\/blog\/#\/schema\/person\/da3e744414835ef8b03b0a630f03dfc4","name":"Paula Colera","image":{"@type":"ImageObject","inLanguage":"es","@id":"https:\/\/www.funidelia.es\/blog\/#\/schema\/person\/image\/","url":"https:\/\/secure.gravatar.com\/avatar\/4dc497c75e80115b92f25345ceb247380b8893489b98581df5ceb26592e68bfa?s=96&d=mm&r=g","contentUrl":"https:\/\/secure.gravatar.com\/avatar\/4dc497c75e80115b92f25345ceb247380b8893489b98581df5ceb26592e68bfa?s=96&d=mm&r=g","caption":"Paula Colera"}}]}},"_links":{"self":[{"href":"http:\/\/www.funidelia.es\/blog\/wp-json\/wp\/v2\/posts\/3739","targetHints":{"allow":["GET"]}}],"collection":[{"href":"http:\/\/www.funidelia.es\/blog\/wp-json\/wp\/v2\/posts"}],"about":[{"href":"http:\/\/www.funidelia.es\/blog\/wp-json\/wp\/v2\/types\/post"}],"author":[{"embeddable":true,"href":"http:\/\/www.funidelia.es\/blog\/wp-json\/wp\/v2\/users\/11"}],"replies":[{"embeddable":true,"href":"http:\/\/www.funidelia.es\/blog\/wp-json\/wp\/v2\/comments?post=3739"}],"version-history":[{"count":9,"href":"http:\/\/www.funidelia.es\/blog\/wp-json\/wp\/v2\/posts\/3739\/revisions"}],"predecessor-version":[{"id":25367,"href":"http:\/\/www.funidelia.es\/blog\/wp-json\/wp\/v2\/posts\/3739\/revisions\/25367"}],"wp:featuredmedia":[{"embeddable":true,"href":"http:\/\/www.funidelia.es\/blog\/wp-json\/wp\/v2\/media\/17602"}],"wp:attachment":[{"href":"http:\/\/www.funidelia.es\/blog\/wp-json\/wp\/v2\/media?parent=3739"}],"wp:term":[{"taxonomy":"category","embeddable":true,"href":"http:\/\/www.funidelia.es\/blog\/wp-json\/wp\/v2\/categories?post=3739"},{"taxonomy":"post_tag","embeddable":true,"href":"http:\/\/www.funidelia.es\/blog\/wp-json\/wp\/v2\/tags?post=3739"}],"curies":[{"name":"wp","href":"https:\/\/api.w.org\/{rel}","templated":true}]}}
