{"id":43,"date":"2011-09-12T17:54:50","date_gmt":"2011-09-12T15:54:50","guid":{"rendered":"http:\/\/www.funidelia.es\/blog\/?p=43"},"modified":"2024-08-08T13:05:07","modified_gmt":"2024-08-08T11:05:07","slug":"fiesta-ibicenca","status":"publish","type":"post","link":"http:\/\/www.funidelia.es\/blog\/fiesta-ibicenca\/","title":{"rendered":"Fiesta Ibicenca: El verano se acaba\u2026"},"content":{"rendered":"<p>Con la despedida del verano no se nos ocurre nada mejor que aprovechar para hacer una \u00faltima fiesta que nos deje buen sabor de boca.<\/p>\n<p>Y como de fiestas veraniegas se trata, pues nos hemos decidido por <strong>preparar una fiesta Ibicenca<\/strong>, que adem\u00e1s, tiene muchas cosas en com\u00fan con la <a title=\"Fiesta hawaiana\" href=\"https:\/\/www.funidelia.es\/blog\/ideas-fiesta-hawaiana\/\">fiesta hawaiana<\/a>. Eso s\u00ed, tiene m\u00e1s glamour, aunque menos relaci\u00f3n con <a title=\"Disfraces\" href=\"https:\/\/www.funidelia.es\" target=\"_blank\" rel=\"noopener\">disfraces<\/a>\u00a0 <\/p>\n<p>A la hora de organizar la mejor fiesta ibicenca, debemos tener en cuenta 6 apartados fundamentales: qui\u00e9n acude (esto es, la lista de invitados), la m\u00fasica, la comida, la bebida, la vestimenta y la decoraci\u00f3n.<span id=\"more-194\"><\/span><\/p>\n<p>\u00bf<strong>C\u00f3mo hacer una fiesta ibicenca<\/strong>? ah\u00ed van nuestras ideas\u2026<\/p>\n<p>1) <strong>Lista de invitados: Fiesta ibicenca<\/strong><\/p>\n<p>Desde Funidelia insistimos en <a title=\"evite\" href=\"http:\/\/www.evite.com\/\" target=\"_blank\" rel=\"noopener\">evite<\/a>, como herramienta para lanzar invitaciones y personalizarlas.<br \/>\nHemos optado por una invitaci\u00f3n cargada de limones, que puede tener algo de estilo\u201c<a title=\"invitaci\u00f3n ibicenca\" href=\"http:\/\/www.evite.com\/\" target=\"_blank\" rel=\"noopener\">invitaci\u00f3n ibicenca<\/a>\u201d. Recordaos que tambi\u00e9n pod\u00e9is optar por crear la vuestra propia.<\/p>\n<p><a href=\"https:\/\/static1.funidelia.com\/blog\/wp-content\/uploads\/2011\/09\/invitaci%C3%B3n-ibicenca.png\"><img loading=\"lazy\" decoding=\"async\" class=\"alignleft size-medium wp-image-200\" title=\"invitaci\u00f3n ibicenca\" src=\"https:\/\/static1.funidelia.com\/blog\/wp-content\/uploads\/2011\/09\/invitaci%C3%B3n-ibicenca-300x104.png\" alt=\"invitaci\u00f3n ibicenca\" width=\"404\" height=\"139\" \/><\/a><\/p>\n<p>&nbsp;<\/p>\n<p>&nbsp;<\/p>\n<p>&nbsp;<\/p>\n<p>&nbsp;<\/p>\n<p>Controlar\u00e1s qui\u00e9n recibe y acepta la invitaci\u00f3n, y es la mejor forma de poder calcular cu\u00e1nta bebida y comida vas a necesitar. Pero bueno, si eres de los que se te cae el dinero, de lo que te sobresale de la cartera, ya sabes: que no falte de nada. Si no, siempre puedes optar por <a title=\"Alcohol Fiesta Ibiza\" href=\"https:\/\/www.youtube.com\/watch?v=cuXUDfqAjaA\" target=\"_blank\" rel=\"noopener\">esto<\/a>:<\/p>\n<p>2) <strong>M\u00fasica ibicenca<\/strong><\/p>\n<p>Ibiza, con eso lo decimos todo. Es vox populi que en una fiesta ibicenca pr\u00e1cticamente lo m\u00e1s importante es la buena m\u00fasica.<\/p>\n<p><a href=\"https:\/\/static1.funidelia.com\/blog\/wp-content\/uploads\/2011\/09\/david-guetta.jpg\"><img loading=\"lazy\" decoding=\"async\" class=\"alignright size-medium wp-image-203\" title=\"david guetta\" src=\"https:\/\/static1.funidelia.com\/blog\/wp-content\/uploads\/2011\/09\/david-guetta-300x198.jpg\" alt=\"david guetta\" width=\"300\" height=\"198\" \/><\/a>Para daros el gustazo, os hemos preparado una <a title=\"Lista M\u00fasica ibicencia spotify\" href=\"https:\/\/open.spotify.com\/user\/funiquete\/playlist\/7gtgOesvLKnqznQP72D0bm\" target=\"_blank\" rel=\"noopener\">lista de m\u00fasica ibicenca en Spotify <\/a>muy completita, con cerca de 20 horas de m\u00fasica.<\/p>\n<p>Ten\u00e9is desde sesiones de casi una hora de chillout, hasta los temas que m\u00e1s suenan en las discotecas m\u00e1s famosas de la isla.<\/p>\n<p>3) <strong>Comida ibicenca<\/strong><\/p>\n<p>Para la comida, deber\u00e1s optar por fruta fresca, algunas brochetas con marisco y pollo, y pinchos m\u00e1s tradicionales, especialmente aquellos que requieren de una presentaci\u00f3n algo m\u00e1s detallada.<\/p>\n<p>La comida debe ser suave, porque hay que tener en cuenta que la bebida se compondr\u00e1 principalmente a base de c\u00f3cteles. Y lo dicho, si no hay para comida, <a title=\"Fiesta Ibiza Bebida\" href=\"https:\/\/www.youtube.com\/watch?v=cuXUDfqAjaA\" target=\"_blank\" rel=\"noopener\">ya sab\u00e9is<\/a>.<\/p>\n<p>4) <strong>Bebida ibicenca<\/strong><\/p>\n<p>Otro de los puntos fundamentales de una fiesta ibicenca es una buena dosis de bebida.<\/p>\n<p><a href=\"https:\/\/static1.funidelia.com\/blog\/wp-content\/uploads\/2011\/09\/mojito.jpg\"><img loading=\"lazy\" decoding=\"async\" class=\"alignright size-medium wp-image-199\" title=\"mojito\" src=\"https:\/\/static1.funidelia.com\/blog\/wp-content\/uploads\/2011\/09\/mojito-300x228.jpg\" alt=\"mojito\" width=\"300\" height=\"228\" \/><\/a>Para ello, os nombramos algunos de los <strong>c\u00f3cteles ibicencos<\/strong> que deben ser un MUST en esta fiesta:<\/p>\n<p>&#8211; <strong>Mojito<\/strong>: a base de ron, az\u00facar (o jarabe de az\u00facar), lima, menta o hierba buena y agua mineralizada (o soda).<\/p>\n<p>&#8211; <strong>Caipirinha<\/strong>: a base de cachaza, lima, azucar y hielo.<\/p>\n<p>&#8211; <strong>Sex on the Beach<\/strong>: a base de vodka, destilado de durazno, jugo de naranja y jugo de ar\u00e1ndanos.<\/p>\n<p>&#8211; <strong>Margarita<\/strong>: a base de tequila, jugo de lim\u00f3n y triple sec.<\/p>\n<p>&#8211; <strong>Tequila Sunrise<\/strong>: a base de tequila, jugo de naranja y granadina.<\/p>\n<p>Estaremos encantados de aceptar vuestras sugerencias en este importante punto. A una mala, siempre podemos pedir ayuda a un <a title=\"Experto chupitos ibiza\" href=\"https:\/\/www.youtube.com\/watch?v=cuXUDfqAjaA\" target=\"_blank\" rel=\"noopener\">experto<\/a> <\/p>\n<p>5) <strong>Vestimenta ibicenca<br \/>\n<\/strong><\/p>\n<p>Creemos que todo el mundo tiene bastante claro c\u00f3mo hay que vestir en una fiesta ibicenca, \u00bfno? \u00a1\u00a1Con ropa ibicenca!!<\/p>\n<p><a href=\"https:\/\/static1.funidelia.com\/blog\/wp-content\/uploads\/2011\/09\/fiesta-ibicenca.jpg\"><img loading=\"lazy\" decoding=\"async\" class=\"alignright size-medium wp-image-201\" title=\"fiesta ibicenca\" src=\"https:\/\/static1.funidelia.com\/blog\/wp-content\/uploads\/2011\/09\/fiesta-ibicenca-300x221.jpg\" alt=\"fiesta ibicenca\" width=\"300\" height=\"221\" \/><\/a>Aqu\u00ed no podemos ayudaros con algunos <a title=\"Disfraces de adulto\" href=\"https:\/\/www.funidelia.es\/disfraces-para\/adulto\/1643\" target=\"_blank\" rel=\"noopener\">disfraces de adulto<\/a> porque no tenemos <\/p>\n<p>B\u00e1sicamente, en el caso de los chicos necesitamos una camisa o camiseta de color blanco, aunque optamos por lo primero que es m\u00e1s glamuroso. En el caso de las chicas, un vestido ser\u00eda lo m\u00e1s apropiado para una fiesta ibicenca.<\/p>\n<p>Partiendo de esa base, no estar\u00eda de m\u00e1s que los pantalones tambi\u00e9n fueran blancos, aunque aqu\u00ed suele haber gente que falla.<\/p>\n<p>Y para finalizar, si ten\u00e9is algunos collares de guaperas o <a title=\"collares hawaianos\" href=\"https:\/\/www.funidelia.es\/tematica\/hawai\/1293\" target=\"_blank\" rel=\"noopener\">collares hawaianos<\/a> que os den un toque adicional tambi\u00e9n pod\u00e9is utilizarlos.<\/p>\n<p>Como sugerencia, y si le quer\u00e9is dar un toque diferente a la fiesta, pod\u00e9is utilizar <a title=\"Disfraces de hippies\" href=\"https:\/\/www.funidelia.es\/disfraces\/hippies-y-anos-60\/3035\" target=\"_blank\" rel=\"noopener\">disfraces de hippies<\/a>, pero esto ya se sale un poco de la idea inicial (aunque no es tan raro).<\/p>\n<p>6) <strong>Decoraci\u00f3n ibicenca<\/strong><\/p>\n<p>Si dispones de una casa con jard\u00edn ten\u00e9is una gran ventaja porque lo ideal es realizar la fiesta al aire libre, y si adem\u00e1s ten\u00e9is una piscina, hab\u00e9is dado en el clavo.<\/p>\n<p><a href=\"https:\/\/static1.funidelia.com\/blog\/wp-content\/uploads\/2011\/09\/decoraci%C3%B3n-ibicenca.jpg\"><img loading=\"lazy\" decoding=\"async\" class=\"alignleft size-medium wp-image-202\" title=\"decoraci\u00f3n ibicenca\" src=\"https:\/\/static1.funidelia.com\/blog\/wp-content\/uploads\/2011\/09\/decoraci%C3%B3n-ibicenca-300x300.jpg\" alt=\"decoraci\u00f3n ibicenca\" width=\"272\" height=\"272\" \/><\/a>En tal caso, lo mejor ser\u00eda montar una zona de carpas con s\u00e1banas blancas, y cojines y alfombras para sentarse en el suelo, muy rollo chill. En otra zona, habilit\u00e1is una pista de baile con una zona de flores y velas, e incluso pod\u00e9is poner unas velas en la piscina.<\/p>\n<p>Si ten\u00e9is antorchas, tambi\u00e9n pod\u00e9is darle un toque cool, iluminando el camino al ba\u00f1o, que seguro que estar\u00e1 muy transitado a lo largo de la noche, JOJOJO.<\/p>\n<p>En caso de que la casa no disponga de jard\u00edn, y tenga que ser en interior, intenta usar s\u00e1banas blancas y cojines, y despeja al menos una sala para el \u201cbaile\u201d de despu\u00e9s.<\/p>\n<p>Como veis, tiene algo de relaci\u00f3n con la decoraci\u00f3n hawaiana, pero con matices.<\/p>\n<p>7) <strong>Ultimos consejos fiesta ibicenca<br \/>\n<\/strong><\/p>\n<p>Dentro de nuestros consejos de fiesta ibicenca, os vamos a recomendar algunas canciones para conformar una buena lista de <a title=\"karaoke\" href=\"https:\/\/www.redkaraoke.com\/?lang=es\" target=\"_blank\" rel=\"noopener\">karaoke<\/a>.<\/p>\n<p>Como obviamente las canciones que os hemos puesto en el apartado de m\u00fasica ibicenca no se pueden cantar, hemos optado por algunos temitas veraniegos que seguro os traer\u00e1n buenos recuerdos:<\/p>\n<ol>\n<li><a title=\"Karaoke Black is Black de Los Bravos\" href=\"https:\/\/www.redkaraoke.com\/karaoke\/los-bravos\/black-is-black\/198?lang=es\" target=\"_blank\" rel=\"noopener\">Karaoke Black is Black de Los Bravos<\/a><\/li>\n<li><a title=\"Karaoke Eva Mar\u00eda de F\u00f3rmula V\" href=\"https:\/\/www.redkaraoke.com\/karaoke\/formula-v\/eva-maria\/18412?lang=es\" target=\"_blank\" rel=\"noopener\">Karaoke Eva Mar\u00eda de F\u00f3rmula V<\/a><\/li>\n<li><a title=\"Karaoke La fiesta de Blas de F\u00f3rmula V\" href=\"https:\/\/www.redkaraoke.com\/karaoke\/formula-v\/en-la-fiesta-de-blas\/10026?lang=es\" target=\"_blank\" rel=\"noopener\">Karaoke La fiesta de Blas de F\u00f3rmula V<\/a><\/li>\n<li><a title=\"Karaoke Un rayo de sol de Los Diablos\" href=\"https:\/\/www.redkaraoke.com\/karaoke\/los-diablos\/un-rayo-de-sol\/19136?lang=es\" target=\"_blank\" rel=\"noopener\">Karaoke Un rayo de sol de Los Diablos<\/a><\/li>\n<li>Karaoke La chica ye-ye de Concha Velasco<\/li>\n<li><a title=\"Karaoke Coraz\u00f3n contento de Marisol\" href=\"https:\/\/www.redkaraoke.com\/karaoke\/marisol\/tengo-el-corazon-contento\/8933?lang=es\" target=\"_blank\" rel=\"noopener\">Karaoke Coraz\u00f3n contento de Marisol<\/a><\/li>\n<li><a title=\"Karaoke La escoba de Los S\u00edrex\" href=\"https:\/\/www.redkaraoke.com\/karaoke\/los-sirex\/la-escoba\/14049?lang=es\" target=\"_blank\" rel=\"noopener\">Karaoke La escoba de Los S\u00edrex<\/a><\/li>\n<li><a title=\"She loves you de The Beatles\" href=\"https:\/\/www.redkaraoke.com\/karaoke\/the-beatles\/she-loves-you\/20217?lang=es\" target=\"_blank\" rel=\"noopener\">Karaoke She loves you de The Beatles<\/a><\/li>\n<li>Karaoke Surfin\u2019 USA de Beach Boys<\/li>\n<li><a title=\"Karaoke California Dreamin\u00b4de The Mamas &amp; the Papas\" href=\"https:\/\/www.redkaraoke.com\/karaoke\/the-mamas-~-the-papas\/california-dreamin&#039;\/7016?lang=es\" target=\"_blank\" rel=\"noopener\">Karaoke California Dreamin\u2019 de The Mamas &amp; the Papas<\/a><\/li>\n<\/ol>\n<p>Ahora solo queda que lo pas\u00e9is <a title=\"Chachi Piruli\" href=\"https:\/\/www.youtube.com\/watch?v=27MEkNKgEts\" target=\"_blank\" rel=\"noopener\">chachi-piruli<\/a> y que nos mand\u00e9is unas buenas fotacas! Si os apetece <strong>organizar una fiesta ibicenca<\/strong>, ya sab\u00e9is donde mirar<br \/>\n<div class=\"su-divider su-divider-style-default\" style=\"margin:15px 0;border-width:2px;border-color:#999999\"><a href=\"#\" style=\"color:#000000\">Volver arriba<\/a><\/div>\n<div class=\"box-top\">\n<strong class=\"grd\"><span class=\"grd-b\"><img loading=\"lazy\" decoding=\"async\" src=\"https:\/\/i0.wp.com\/static1.funidelia.com\/blog\/uploads\/css_theme\/ico_thebest.png\" alt=\"Flowers\" width=\"38\" height=\"38\" \/>Top Art\u00edculos<\/span><\/strong><br \/>\n<section class=\"latest-post-selection list-div-ordered two-columns content-center ver2\" id=\"lps-838aaa3d4b98c7aa3dfed3fff0521fb6\" style=\"\" role=\"list\"><article class=\"post-24613 post type-post status-publish format-standard has-post-thumbnail hentry category-ideas-disfraces-caseros-originales has-link\" data-lps-id=\"24613\" role=\"listitem\"><div class=\"article__info\"><h3 class=\"article__title item-title-tag\"><a href=\"http:\/\/www.funidelia.es\/blog\/disfraces-caseros-faciles-de-hacer\/\" title=\"Disfraces caseros f\u00e1ciles de hacer\" class=\"article__link main-link\">Disfraces caseros f\u00e1ciles de hacer<\/a><\/h3><\/div><\/article><article class=\"post-24600 post type-post status-publish format-standard has-post-thumbnail hentry category-ideas-fiestas-decadas has-link\" data-lps-id=\"24600\" role=\"listitem\"><div class=\"article__info\"><h3 class=\"article__title item-title-tag\"><a href=\"http:\/\/www.funidelia.es\/blog\/ideas-disfraces-anos-80-para-una-fiesta-ochentera\/\" title=\"Ideas de disfraces A\u00f1os 80 para una fiesta ochentera\" class=\"article__link main-link\">Ideas de disfraces A\u00f1os 80 para una fiesta ochentera<\/a><\/h3><\/div><\/article><article class=\"post-24579 post type-post status-publish format-standard has-post-thumbnail hentry category-las-mejores-ideas-para-fiestas-tematicas has-link\" data-lps-id=\"24579\" role=\"listitem\"><div class=\"article__info\"><h3 class=\"article__title item-title-tag\"><a href=\"http:\/\/www.funidelia.es\/blog\/ideas-fiestas-tematicas\/\" title=\"Fiestas tem\u00e1ticas\" class=\"article__link main-link\">Fiestas tem\u00e1ticas<\/a><\/h3><\/div><\/article><article class=\"post-23779 post type-post status-publish format-standard has-post-thumbnail hentry category-ideas-disfraces-caseros-originales has-link\" data-lps-id=\"23779\" role=\"listitem\"><div class=\"article__info\"><h3 class=\"article__title item-title-tag\"><a href=\"http:\/\/www.funidelia.es\/blog\/como-hacer-disfraz-harry-potter-casero\/\" title=\"\u26a1\ufe0f C\u00f3mo hacer un disfraz de Harry Potter casero\" class=\"article__link main-link\">\u26a1\ufe0f C\u00f3mo hacer un disfraz de Harry Potter casero<\/a><\/h3><\/div><\/article><article class=\"post-698 post type-post status-publish format-standard has-post-thumbnail hentry category-ideas-decoracion-fiesta-halloween has-link\" data-lps-id=\"698\" role=\"listitem\"><div class=\"article__info\"><h3 class=\"article__title item-title-tag\"><a href=\"http:\/\/www.funidelia.es\/blog\/ideas-decoracion-fiestas-de-halloween\/\" title=\"Ideas de decoracion para una fiesta de Halloween terror\u00edficamente divertida\" class=\"article__link main-link\">Ideas de decoracion para una fiesta de Halloween terror\u00edficamente divertida<\/a><\/h3><\/div><\/article><\/section>\n<\/div>\n<p><a href=\"https:\/\/www.funidelia.es\" title=\"Funidelia Tienda Online\" target=\"_blank\" rel=\"noopener\" class=\"responsive\">\n<picture><source srcset=\"https:\/\/i0.wp.com\/static1.funidelia.com\/blog\/uploads\/css_theme\/funidelia_shop_es_xmobile.png?ver=01\" media=\"(max-width: 640px)\"><source srcset=\"https:\/\/i0.wp.com\/static1.funidelia.com\/blog\/uploads\/css_theme\/funidelia_shop_es_desktop.png\"><img loading=\"lazy\" decoding=\"async\" src=\"https:\/\/i0.wp.com\/static1.funidelia.com\/blog\/uploads\/css_theme\/funidelia_shop_es_desktop.png\" width=\"1120\" height=\"129\" alt=\"Flowers\">\n<\/picture>\n<\/a><\/p>\n<div class=\"box-links\">\n<div class=\"txt\"><img loading=\"lazy\" decoding=\"async\" src=\"https:\/\/i0.wp.com\/static1.funidelia.com\/blog\/uploads\/css_theme\/ico_categories.png?ver=1\" width=\"30\" height=\"30\" border=\"0\" alt\"Categor\u00edas relacionadas\"> Categor\u00edas relacionadas:<\/div>\n<div class=\"su-row\">\n<div class=\"su-column su-column-size-1-4\"><div class=\"su-column-inner su-u-clearfix su-u-trim\"><a href=\"https:\/\/www.funidelia.es\/blog\/ideas-para-disfraces\/\" title=\"C1\" class=\"link-box\"><img loading=\"lazy\" decoding=\"async\" src=\"https:\/\/i0.wp.com\/static1.funidelia.com\/blog\/uploads\/css_theme\/ico_deco_disfraz.png?ver=2\" width=\"26\" height=\"24\" border=\"0\" alt\"Funidelia\"> Disfraces<\/a><\/div><\/div>\n<div class=\"su-column su-column-size-1-4\"><div class=\"su-column-inner su-u-clearfix su-u-trim\"><a href=\"https:\/\/www.funidelia.es\/blog\/ideas-fiestas-tematicas\/\" title=\"C1\" class=\"link-box\"><img loading=\"lazy\" decoding=\"async\" src=\"https:\/\/i0.wp.com\/static1.funidelia.com\/blog\/uploads\/css_theme\/ico_deco_decoracion.png?ver=2\" width=\"26\" height=\"24\" border=\"0\" alt\"Funidelia\">Decoraci\u00f3n<\/a><\/div><\/div>\n<div class=\"su-column su-column-size-1-4\"><div class=\"su-column-inner su-u-clearfix su-u-trim\"><a href=\"https:\/\/www.funidelia.es\/blog\/ideas-para-maquillaje-halloween-original\/\" title=\"C1\" class=\"link-box\"><img loading=\"lazy\" decoding=\"async\" src=\"https:\/\/i0.wp.com\/static1.funidelia.com\/blog\/uploads\/css_theme\/ico_deco_maquillaje.png?ver=2\" width=\"26\" height=\"24\" border=\"0\" alt\"Funidelia\">Maquillaje<\/a><\/div><\/div>\n<div class=\"su-column su-column-size-1-4\"><div class=\"su-column-inner su-u-clearfix su-u-trim\"><a href=\"https:\/\/www.funidelia.es\/blog\/disfraces-caseros-faciles-de-hacer\/\" title=\"C1\" class=\"link-box\"><img loading=\"lazy\" decoding=\"async\" src=\"https:\/\/i0.wp.com\/static1.funidelia.com\/blog\/uploads\/css_theme\/ico_deco_diy.png?ver=2\" width=\"26\" height=\"24\" border=\"0\" alt\"Funidelia\">Caseros &#038; DIY<\/a><\/div><\/div>\n<\/div>\n<\/div>\n","protected":false},"excerpt":{"rendered":"<p>Con la despedida del verano no se nos ocurre nada mejor que aprovechar para hacer una \u00faltima fiesta que nos deje buen sabor de boca. Y como de fiestas veraniegas se trata, pues nos hemos decidido por preparar una fiesta Ibicenca, que adem\u00e1s, tiene muchas cosas en com\u00fan con la&#8230;<\/p>\n","protected":false},"author":11,"featured_media":208,"comment_status":"open","ping_status":"open","sticky":false,"template":"","format":"standard","meta":{"fifu_image_url":"","fifu_image_alt":"","footnotes":""},"categories":[1421],"tags":[24],"class_list":["post-43","post","type-post","status-publish","format-standard","has-post-thumbnail","hentry","category-ideas-fiestas-disfraces","tag-fiesta-ibiza"],"yoast_head":"<!-- This site is optimized with the Yoast SEO plugin v26.7 - https:\/\/yoast.com\/wordpress\/plugins\/seo\/ -->\n<title>Fiesta Ibicenca: El verano se acaba\u2026<\/title>\n<meta name=\"description\" content=\"Con la despedida del verano no se nos ocurre nada mejor que aprovechar para hacer una \u00faltima fiesta que nos deje buen sabor de boca. Y como de fiestas\" \/>\n<meta name=\"robots\" content=\"index, follow, max-snippet:-1, max-image-preview:large, max-video-preview:-1\" \/>\n<link rel=\"canonical\" href=\"http:\/\/www.funidelia.es\/blog\/fiesta-ibicenca\/\" \/>\n<meta property=\"og:locale\" content=\"es_ES\" \/>\n<meta property=\"og:type\" content=\"article\" \/>\n<meta property=\"og:title\" content=\"Fiesta Ibicenca: El verano se acaba\u2026\" \/>\n<meta property=\"og:description\" content=\"Con la despedida del verano no se nos ocurre nada mejor que aprovechar para hacer una \u00faltima fiesta que nos deje buen sabor de boca. Y como de fiestas\" \/>\n<meta property=\"og:url\" content=\"http:\/\/www.funidelia.es\/blog\/fiesta-ibicenca\/\" \/>\n<meta property=\"og:site_name\" content=\"Ideas para disfrazarse - Blog de Funidelia\" \/>\n<meta property=\"article:publisher\" content=\"https:\/\/www.facebook.com\/funidelia\" \/>\n<meta property=\"article:published_time\" content=\"2011-09-12T15:54:50+00:00\" \/>\n<meta property=\"article:modified_time\" content=\"2024-08-08T11:05:07+00:00\" \/>\n<meta property=\"og:image\" content=\"http:\/\/www.funidelia.es\/blog\/wp-content\/uploads\/2011\/09\/024.jpg\" \/>\n\t<meta property=\"og:image:width\" content=\"620\" \/>\n\t<meta property=\"og:image:height\" content=\"400\" \/>\n\t<meta property=\"og:image:type\" content=\"image\/jpeg\" \/>\n<meta name=\"author\" content=\"Paula Colera\" \/>\n<meta name=\"twitter:card\" content=\"summary_large_image\" \/>\n<meta name=\"twitter:creator\" content=\"@funidelia\" \/>\n<meta name=\"twitter:site\" content=\"@funidelia\" \/>\n<meta name=\"twitter:label1\" content=\"Escrito por\" \/>\n\t<meta name=\"twitter:data1\" content=\"Paula Colera\" \/>\n\t<meta name=\"twitter:label2\" content=\"Tiempo de lectura\" \/>\n\t<meta name=\"twitter:data2\" content=\"5 minutos\" \/>\n<script type=\"application\/ld+json\" class=\"yoast-schema-graph\">{\"@context\":\"https:\/\/schema.org\",\"@graph\":[{\"@type\":\"Article\",\"@id\":\"http:\/\/www.funidelia.es\/blog\/fiesta-ibicenca\/#article\",\"isPartOf\":{\"@id\":\"http:\/\/www.funidelia.es\/blog\/fiesta-ibicenca\/\"},\"author\":{\"name\":\"Paula Colera\",\"@id\":\"https:\/\/www.funidelia.es\/blog\/#\/schema\/person\/da3e744414835ef8b03b0a630f03dfc4\"},\"headline\":\"Fiesta Ibicenca: El verano se acaba\u2026\",\"datePublished\":\"2011-09-12T15:54:50+00:00\",\"dateModified\":\"2024-08-08T11:05:07+00:00\",\"mainEntityOfPage\":{\"@id\":\"http:\/\/www.funidelia.es\/blog\/fiesta-ibicenca\/\"},\"wordCount\":1092,\"commentCount\":0,\"image\":{\"@id\":\"http:\/\/www.funidelia.es\/blog\/fiesta-ibicenca\/#primaryimage\"},\"thumbnailUrl\":\"http:\/\/www.funidelia.es\/blog\/wp-content\/uploads\/2011\/09\/024.jpg\",\"keywords\":[\"Ibiza\"],\"articleSection\":[\"Ideas para Fiestas de Disfraces\"],\"inLanguage\":\"es\",\"potentialAction\":[{\"@type\":\"CommentAction\",\"name\":\"Comment\",\"target\":[\"http:\/\/www.funidelia.es\/blog\/fiesta-ibicenca\/#respond\"]}]},{\"@type\":\"WebPage\",\"@id\":\"http:\/\/www.funidelia.es\/blog\/fiesta-ibicenca\/\",\"url\":\"http:\/\/www.funidelia.es\/blog\/fiesta-ibicenca\/\",\"name\":\"Fiesta Ibicenca: El verano se acaba\u2026\",\"isPartOf\":{\"@id\":\"https:\/\/www.funidelia.es\/blog\/#website\"},\"primaryImageOfPage\":{\"@id\":\"http:\/\/www.funidelia.es\/blog\/fiesta-ibicenca\/#primaryimage\"},\"image\":{\"@id\":\"http:\/\/www.funidelia.es\/blog\/fiesta-ibicenca\/#primaryimage\"},\"thumbnailUrl\":\"http:\/\/www.funidelia.es\/blog\/wp-content\/uploads\/2011\/09\/024.jpg\",\"datePublished\":\"2011-09-12T15:54:50+00:00\",\"dateModified\":\"2024-08-08T11:05:07+00:00\",\"author\":{\"@id\":\"https:\/\/www.funidelia.es\/blog\/#\/schema\/person\/da3e744414835ef8b03b0a630f03dfc4\"},\"description\":\"Con la despedida del verano no se nos ocurre nada mejor que aprovechar para hacer una \u00faltima fiesta que nos deje buen sabor de boca. Y como de fiestas\",\"breadcrumb\":{\"@id\":\"http:\/\/www.funidelia.es\/blog\/fiesta-ibicenca\/#breadcrumb\"},\"inLanguage\":\"es\",\"potentialAction\":[{\"@type\":\"ReadAction\",\"target\":[\"http:\/\/www.funidelia.es\/blog\/fiesta-ibicenca\/\"]}]},{\"@type\":\"ImageObject\",\"inLanguage\":\"es\",\"@id\":\"http:\/\/www.funidelia.es\/blog\/fiesta-ibicenca\/#primaryimage\",\"url\":\"http:\/\/www.funidelia.es\/blog\/wp-content\/uploads\/2011\/09\/024.jpg\",\"contentUrl\":\"http:\/\/www.funidelia.es\/blog\/wp-content\/uploads\/2011\/09\/024.jpg\",\"width\":620,\"height\":400},{\"@type\":\"BreadcrumbList\",\"@id\":\"http:\/\/www.funidelia.es\/blog\/fiesta-ibicenca\/#breadcrumb\",\"itemListElement\":[{\"@type\":\"ListItem\",\"position\":1,\"name\":\"Portada\",\"item\":\"http:\/\/www.funidelia.es\/blog\/\"},{\"@type\":\"ListItem\",\"position\":2,\"name\":\"Fiesta Ibicenca: El verano se acaba\u2026\"}]},{\"@type\":\"WebSite\",\"@id\":\"https:\/\/www.funidelia.es\/blog\/#website\",\"url\":\"https:\/\/www.funidelia.es\/blog\/\",\"name\":\"Ideas para disfrazarse - Blog de Funidelia\",\"description\":\"\",\"potentialAction\":[{\"@type\":\"SearchAction\",\"target\":{\"@type\":\"EntryPoint\",\"urlTemplate\":\"https:\/\/www.funidelia.es\/blog\/?s={search_term_string}\"},\"query-input\":{\"@type\":\"PropertyValueSpecification\",\"valueRequired\":true,\"valueName\":\"search_term_string\"}}],\"inLanguage\":\"es\"},{\"@type\":\"Person\",\"@id\":\"https:\/\/www.funidelia.es\/blog\/#\/schema\/person\/da3e744414835ef8b03b0a630f03dfc4\",\"name\":\"Paula Colera\",\"image\":{\"@type\":\"ImageObject\",\"inLanguage\":\"es\",\"@id\":\"https:\/\/www.funidelia.es\/blog\/#\/schema\/person\/image\/\",\"url\":\"https:\/\/secure.gravatar.com\/avatar\/4dc497c75e80115b92f25345ceb247380b8893489b98581df5ceb26592e68bfa?s=96&d=mm&r=g\",\"contentUrl\":\"https:\/\/secure.gravatar.com\/avatar\/4dc497c75e80115b92f25345ceb247380b8893489b98581df5ceb26592e68bfa?s=96&d=mm&r=g\",\"caption\":\"Paula Colera\"}}]}<\/script>\n<!-- \/ Yoast SEO plugin. -->","yoast_head_json":{"title":"Fiesta Ibicenca: El verano se acaba\u2026","description":"Con la despedida del verano no se nos ocurre nada mejor que aprovechar para hacer una \u00faltima fiesta que nos deje buen sabor de boca. Y como de fiestas","robots":{"index":"index","follow":"follow","max-snippet":"max-snippet:-1","max-image-preview":"max-image-preview:large","max-video-preview":"max-video-preview:-1"},"canonical":"http:\/\/www.funidelia.es\/blog\/fiesta-ibicenca\/","og_locale":"es_ES","og_type":"article","og_title":"Fiesta Ibicenca: El verano se acaba\u2026","og_description":"Con la despedida del verano no se nos ocurre nada mejor que aprovechar para hacer una \u00faltima fiesta que nos deje buen sabor de boca. Y como de fiestas","og_url":"http:\/\/www.funidelia.es\/blog\/fiesta-ibicenca\/","og_site_name":"Ideas para disfrazarse - Blog de Funidelia","article_publisher":"https:\/\/www.facebook.com\/funidelia","article_published_time":"2011-09-12T15:54:50+00:00","article_modified_time":"2024-08-08T11:05:07+00:00","og_image":[{"width":620,"height":400,"url":"http:\/\/www.funidelia.es\/blog\/wp-content\/uploads\/2011\/09\/024.jpg","type":"image\/jpeg"}],"author":"Paula Colera","twitter_card":"summary_large_image","twitter_creator":"@funidelia","twitter_site":"@funidelia","twitter_misc":{"Escrito por":"Paula Colera","Tiempo de lectura":"5 minutos"},"schema":{"@context":"https:\/\/schema.org","@graph":[{"@type":"Article","@id":"http:\/\/www.funidelia.es\/blog\/fiesta-ibicenca\/#article","isPartOf":{"@id":"http:\/\/www.funidelia.es\/blog\/fiesta-ibicenca\/"},"author":{"name":"Paula Colera","@id":"https:\/\/www.funidelia.es\/blog\/#\/schema\/person\/da3e744414835ef8b03b0a630f03dfc4"},"headline":"Fiesta Ibicenca: El verano se acaba\u2026","datePublished":"2011-09-12T15:54:50+00:00","dateModified":"2024-08-08T11:05:07+00:00","mainEntityOfPage":{"@id":"http:\/\/www.funidelia.es\/blog\/fiesta-ibicenca\/"},"wordCount":1092,"commentCount":0,"image":{"@id":"http:\/\/www.funidelia.es\/blog\/fiesta-ibicenca\/#primaryimage"},"thumbnailUrl":"http:\/\/www.funidelia.es\/blog\/wp-content\/uploads\/2011\/09\/024.jpg","keywords":["Ibiza"],"articleSection":["Ideas para Fiestas de Disfraces"],"inLanguage":"es","potentialAction":[{"@type":"CommentAction","name":"Comment","target":["http:\/\/www.funidelia.es\/blog\/fiesta-ibicenca\/#respond"]}]},{"@type":"WebPage","@id":"http:\/\/www.funidelia.es\/blog\/fiesta-ibicenca\/","url":"http:\/\/www.funidelia.es\/blog\/fiesta-ibicenca\/","name":"Fiesta Ibicenca: El verano se acaba\u2026","isPartOf":{"@id":"https:\/\/www.funidelia.es\/blog\/#website"},"primaryImageOfPage":{"@id":"http:\/\/www.funidelia.es\/blog\/fiesta-ibicenca\/#primaryimage"},"image":{"@id":"http:\/\/www.funidelia.es\/blog\/fiesta-ibicenca\/#primaryimage"},"thumbnailUrl":"http:\/\/www.funidelia.es\/blog\/wp-content\/uploads\/2011\/09\/024.jpg","datePublished":"2011-09-12T15:54:50+00:00","dateModified":"2024-08-08T11:05:07+00:00","author":{"@id":"https:\/\/www.funidelia.es\/blog\/#\/schema\/person\/da3e744414835ef8b03b0a630f03dfc4"},"description":"Con la despedida del verano no se nos ocurre nada mejor que aprovechar para hacer una \u00faltima fiesta que nos deje buen sabor de boca. Y como de fiestas","breadcrumb":{"@id":"http:\/\/www.funidelia.es\/blog\/fiesta-ibicenca\/#breadcrumb"},"inLanguage":"es","potentialAction":[{"@type":"ReadAction","target":["http:\/\/www.funidelia.es\/blog\/fiesta-ibicenca\/"]}]},{"@type":"ImageObject","inLanguage":"es","@id":"http:\/\/www.funidelia.es\/blog\/fiesta-ibicenca\/#primaryimage","url":"http:\/\/www.funidelia.es\/blog\/wp-content\/uploads\/2011\/09\/024.jpg","contentUrl":"http:\/\/www.funidelia.es\/blog\/wp-content\/uploads\/2011\/09\/024.jpg","width":620,"height":400},{"@type":"BreadcrumbList","@id":"http:\/\/www.funidelia.es\/blog\/fiesta-ibicenca\/#breadcrumb","itemListElement":[{"@type":"ListItem","position":1,"name":"Portada","item":"http:\/\/www.funidelia.es\/blog\/"},{"@type":"ListItem","position":2,"name":"Fiesta Ibicenca: El verano se acaba\u2026"}]},{"@type":"WebSite","@id":"https:\/\/www.funidelia.es\/blog\/#website","url":"https:\/\/www.funidelia.es\/blog\/","name":"Ideas para disfrazarse - Blog de Funidelia","description":"","potentialAction":[{"@type":"SearchAction","target":{"@type":"EntryPoint","urlTemplate":"https:\/\/www.funidelia.es\/blog\/?s={search_term_string}"},"query-input":{"@type":"PropertyValueSpecification","valueRequired":true,"valueName":"search_term_string"}}],"inLanguage":"es"},{"@type":"Person","@id":"https:\/\/www.funidelia.es\/blog\/#\/schema\/person\/da3e744414835ef8b03b0a630f03dfc4","name":"Paula Colera","image":{"@type":"ImageObject","inLanguage":"es","@id":"https:\/\/www.funidelia.es\/blog\/#\/schema\/person\/image\/","url":"https:\/\/secure.gravatar.com\/avatar\/4dc497c75e80115b92f25345ceb247380b8893489b98581df5ceb26592e68bfa?s=96&d=mm&r=g","contentUrl":"https:\/\/secure.gravatar.com\/avatar\/4dc497c75e80115b92f25345ceb247380b8893489b98581df5ceb26592e68bfa?s=96&d=mm&r=g","caption":"Paula Colera"}}]}},"_links":{"self":[{"href":"http:\/\/www.funidelia.es\/blog\/wp-json\/wp\/v2\/posts\/43","targetHints":{"allow":["GET"]}}],"collection":[{"href":"http:\/\/www.funidelia.es\/blog\/wp-json\/wp\/v2\/posts"}],"about":[{"href":"http:\/\/www.funidelia.es\/blog\/wp-json\/wp\/v2\/types\/post"}],"author":[{"embeddable":true,"href":"http:\/\/www.funidelia.es\/blog\/wp-json\/wp\/v2\/users\/11"}],"replies":[{"embeddable":true,"href":"http:\/\/www.funidelia.es\/blog\/wp-json\/wp\/v2\/comments?post=43"}],"version-history":[{"count":8,"href":"http:\/\/www.funidelia.es\/blog\/wp-json\/wp\/v2\/posts\/43\/revisions"}],"predecessor-version":[{"id":25469,"href":"http:\/\/www.funidelia.es\/blog\/wp-json\/wp\/v2\/posts\/43\/revisions\/25469"}],"wp:featuredmedia":[{"embeddable":true,"href":"http:\/\/www.funidelia.es\/blog\/wp-json\/wp\/v2\/media\/208"}],"wp:attachment":[{"href":"http:\/\/www.funidelia.es\/blog\/wp-json\/wp\/v2\/media?parent=43"}],"wp:term":[{"taxonomy":"category","embeddable":true,"href":"http:\/\/www.funidelia.es\/blog\/wp-json\/wp\/v2\/categories?post=43"},{"taxonomy":"post_tag","embeddable":true,"href":"http:\/\/www.funidelia.es\/blog\/wp-json\/wp\/v2\/tags?post=43"}],"curies":[{"name":"wp","href":"https:\/\/api.w.org\/{rel}","templated":true}]}}
