{"id":8211,"date":"2015-12-10T13:06:49","date_gmt":"2015-12-10T12:06:49","guid":{"rendered":"http:\/\/www.funidelia.es\/blog\/?p=8211"},"modified":"2024-08-08T12:47:41","modified_gmt":"2024-08-08T10:47:41","slug":"ideas-disfraces-los-descendientes","status":"publish","type":"post","link":"http:\/\/www.funidelia.es\/blog\/ideas-disfraces-los-descendientes\/","title":{"rendered":"Disfraces Los Descendientes: Los hijos de los Villanos de Disney est\u00e1n en Funidelia \u00a1Elige tu disfraz!"},"content":{"rendered":"<p style=\"text-align: justify;\">Ad\u00e9ntrate en el Reino de \u00c1uradon y forma parte de <a title=\"Disfraces de Los Descendientes\" href=\"https:\/\/www.funidelia.es\/disfraces\/descendientes\/5936\" target=\"_blank\" rel=\"noopener noreferrer\">Los Descendientes<\/a>. \u00bfSer\u00e1s uno de los hijos de los villanos de Disney m\u00e1s malvados del reino en la Isla de los Perdidos? <strong>\u00danete a Carlos, Jay, Evie y Mal<\/strong> en esta aventura y descubre lo que pasa cuando estos villanos entran en la Academia\u00a0\u00c1uradon. Con los <a title=\"Disfraces de Los Descendientes\" href=\"https:\/\/www.funidelia.es\/disfraces\/descendientes\/5936\" target=\"_blank\" rel=\"noopener noreferrer\"><strong>disfraces de Los Descendientes y sus pelucas<\/strong><\/a> no habr\u00e1 maldad que se os resista.<\/p>\n<h2>Personajes Los Descendientes<\/h2>\n<p style=\"text-align: justify;\"><strong>Carlos, Jay, Evie y Mal son los hijos de Cruela De Vil, Jafar, Ravenna, la malvada reina de Blancanieves y Mal\u00e9fica.<\/strong> Viven\u00a0junto a sus familias en la Isla de los Perdidos, donde habitan todos los villanos de los cuentos. En ese tiempo, en el reino de\u00a0\u00c1uradon, Ben, el hijo de la Bella y la Bestia, se proclama rey y decide dar una segunda oportunidad a\u00a0los j\u00f3venes de\u00a0la Isla de los Perdidos, dej\u00e1ndoles estudiar en la refinada Academia\u00a0\u00c1uradon. Y as\u00ed comienza esta peli de aventuras con estos cuatro protagonistas\u00a0ejerciendo de villanos.<\/p>\n<p><img loading=\"lazy\" decoding=\"async\" class=\"wp-image-8213 aligncenter\" src=\"https:\/\/www.funidelia.es\/blog\/wp-content\/uploads\/2015\/12\/personajes-descendants.jpg\" alt=\"personajes descendants\" width=\"956\" height=\"562\" srcset=\"http:\/\/www.funidelia.es\/blog\/wp-content\/uploads\/2015\/12\/personajes-descendants.jpg 1600w, http:\/\/www.funidelia.es\/blog\/wp-content\/uploads\/2015\/12\/personajes-descendants-300x176.jpg 300w, http:\/\/www.funidelia.es\/blog\/wp-content\/uploads\/2015\/12\/personajes-descendants-768x452.jpg 768w, http:\/\/www.funidelia.es\/blog\/wp-content\/uploads\/2015\/12\/personajes-descendants-1024x602.jpg 1024w\" sizes=\"auto, (max-width: 956px) 100vw, 956px\" \/><\/p>\n<h2><a title=\"Disfraces de Los Descendientes\" href=\"https:\/\/www.funidelia.es\/disfraces\/descendientes\/5936\" target=\"_blank\" rel=\"noopener noreferrer\">Disfraces Descendientes<\/a><\/h2>\n<p style=\"text-align: justify;\">Los <strong><a title=\"Disfraces de Evie y Mal Los Descendientes\" href=\"https:\/\/www.funidelia.es\/disfraces\/descendientes\/5936\" target=\"_blank\" rel=\"noopener noreferrer\">disfraces de Evie y Mal<\/a><\/strong> son atrevidos y rockeros, llenos de colores y estampados siniestros, perfectos para carnaval, halloween y cualquier fiesta de disfraces. \u00bfTe atreves con su look? Adem\u00e1s puedes combinarlos con las pelucas de las protagonitas.<\/p>\n<h4 style=\"text-align: justify;\">\u00a0 \u00a0 \u00a0 \u00a0 \u00a0 \u00a0 \u00a0 \u00a0 \u00a0 \u00a0 \u00a0\u00a0<span style=\"color: #0000ff;\">\u265b\u00a0<a title=\"Disfraz de Evie\" href=\"https:\/\/www.funidelia.es\/disfraz-de-evie-descendants-para-nina-37141.html\" target=\"_blank\" rel=\"noopener noreferrer\"><span style=\"color: #0000ff;\">Disfraz de Evie<\/span><\/a>\u00a0\u265b<\/span> \u00a0 \u00a0 \u00a0 \u00a0 \u00a0\u00a0\u00a0 \u00a0 \u00a0 \u00a0 \u00a0 \u00a0 \u00a0 \u00a0 \u00a0 \u00a0 \u00a0\u00a0<span style=\"color: #800080;\">\u265b\u00a0<a title=\"Disfraz de Mal\" href=\"https:\/\/www.funidelia.es\/disfraz-de-mal-los-descendientes-para-nina-37142.html\" target=\"_blank\" rel=\"noopener noreferrer\"><span style=\"color: #800080;\">Disfraz de Mal<\/span><\/a>\u00a0\u265b<\/span><\/h4>\n<p><a title=\"Disfraz de Evie Descendants para ni\u00f1a\" href=\"https:\/\/www.funidelia.es\/disfraz-de-evie-descendants-para-nina-37141.html\" target=\"_blank\" rel=\"noopener noreferrer\"><img loading=\"lazy\" decoding=\"async\" class=\"alignnone\" src=\"https:\/\/static1.funidelia.es\/45000\/disfraz-de-evie-descendants-para-nina.jpg\" alt=\"\" width=\"311\" height=\"669\" \/><\/a><a title=\"Disfraz de Mal Descendants para ni\u00f1a\" href=\"https:\/\/www.funidelia.es\/disfraz-de-mal-los-descendientes-para-nina-37142.html\" target=\"_blank\" rel=\"noopener noreferrer\"><img loading=\"lazy\" decoding=\"async\" class=\"alignnone\" src=\"https:\/\/static3.funidelia.es\/45001\/disfraz-de-mal-los-descendientes-para-nina.jpg\" alt=\"\" width=\"287\" height=\"662\" \/><\/a><\/p>\n<p><img loading=\"lazy\" decoding=\"async\" class=\"aligncenter\" src=\"https:\/\/static3.funidelia.es\/39052\/disfraz-de-malefica-los-descendientes-deluxe-para-mujer.jpg\" alt=\"\" width=\"389\" height=\"727\" \/><\/p>\n<h4>Pelucas de Evie y Mal Los Descendientes<\/h4>\n<p><a title=\"Peluca de Evie Descendant para ni\u00f1a\" href=\"https:\/\/www.funidelia.es\/peluca-de-evie-descendant-para-nina-37140.html\" target=\"_blank\" rel=\"noopener noreferrer\"><img loading=\"lazy\" decoding=\"async\" class=\"alignnone\" src=\"https:\/\/static3.funidelia.es\/44998\/peluca-de-evie-descendant-para-nina.jpg\" alt=\"\" width=\"298\" height=\"248\" \/><\/a><a title=\"Peluca de Mal Descendants para ni\u00f1a\" href=\"https:\/\/www.funidelia.es\/peluca-de-mal-descendants-para-nina-37139.html\" target=\"_blank\" rel=\"noopener noreferrer\"><img loading=\"lazy\" decoding=\"async\" class=\"alignnone\" src=\"https:\/\/static2.funidelia.es\/44997\/peluca-de-mal-descendants-para-nina.jpg\" alt=\"\" width=\"302\" height=\"268\" \/><\/a><\/p>\n<h2>Padres\u00a0de Los Descendientes<\/h2>\n<p style=\"text-align: justify;\">Tambi\u00e9n puede ser un buen <strong>disfraz para carnaval <\/strong>el de los padres de Los Descendants, es decir, los m\u00edticos <strong>Villanos de Disney<\/strong>, te mostramos sus disfraces y accesorios, para que los tunees como tu quieras adapt\u00e1ndolos a la pel\u00edcula.<\/p>\n<p><a title=\"Peluca Cruela blanca y negra\" href=\"https:\/\/www.funidelia.es\/peluca-cruela-blanca-y-negra-12057.html\" target=\"_blank\" rel=\"noopener noreferrer\"><img loading=\"lazy\" decoding=\"async\" class=\"alignnone\" src=\"https:\/\/static3.funidelia.es\/15157\/peluca-cruela-blanca-y-negra.jpg\" alt=\"\" width=\"254\" height=\"340\" \/><\/a><a title=\"Corona Mal\u00e9fica\" href=\"https:\/\/www.funidelia.es\/cuernos-malefica-18802.html\" target=\"_blank\" rel=\"noopener noreferrer\"><img loading=\"lazy\" decoding=\"async\" class=\"alignnone\" src=\"https:\/\/static2.funidelia.es\/25272\/corona-malefica.jpg\" alt=\"\" width=\"347\" height=\"347\" \/><\/a><\/p>\n<h2>Fiesta Descendientes<\/h2>\n<p style=\"text-align: justify;\">Estas<strong> ideas de decoraci\u00f3n<\/strong> son perfectas si quieres hacer una <strong>fiesta de cumplea\u00f1os de Los Descendientes<\/strong>. Puedes decorar la fiesta con todos los personajes o elegir a tu favorito y centrar todo en los colores y s\u00edmbolos caracter\u00edsticos.<\/p>\n<p><a title=\"Fiesta Los Descendants decoraci\u00f3n de Mal\" href=\"https:\/\/www.pinterest.com\/pin\/170644273358449875\/\" target=\"_blank\" rel=\"noopener noreferrer\"><img loading=\"lazy\" decoding=\"async\" class=\"alignnone\" src=\"https:\/\/i.pinimg.com\/736x\/21\/2e\/07\/212e07f358d4647d93610eeb3d531550.jpg\" alt=\"\" width=\"323\" height=\"486\" \/><\/a>\u00a0<a title=\"Fiesta Cumplea\u00f1os Los Descendientes\" href=\"https:\/\/www.pinterest.com\/pin\/187884615681997807\/\" target=\"_blank\" rel=\"noopener noreferrer\"><img loading=\"lazy\" decoding=\"async\" class=\"alignnone\" src=\"https:\/\/i.pinimg.com\/736x\/a6\/27\/04\/a627046f71ed95a556cea92c23fc2a90.jpg\" alt=\"\" width=\"274\" height=\"487\" \/><\/a><\/p>\n<p><a title=\"S\u00edmbolo para imprimir de Evie Los Descendientes\" href=\"https:\/\/www.pinterest.com\/pin\/491173903088913660\/\" target=\"_blank\" rel=\"noopener noreferrer\"><img loading=\"lazy\" decoding=\"async\" class=\"alignnone\" src=\"https:\/\/i.pinimg.com\/736x\/da\/d6\/fc\/dad6fc9f5ceb21d32592f2d5eff9069c.jpg\" alt=\"\" width=\"302\" height=\"454\" \/><\/a><a title=\"S\u00edmbolo para imprimir de Mal Los Descendientes\" href=\"https:\/\/www.pinterest.com\/pin\/353462270734044537\/\" target=\"_blank\" rel=\"noopener noreferrer\"><img loading=\"lazy\" decoding=\"async\" class=\"alignnone\" src=\"https:\/\/i.pinimg.com\/736x\/c6\/bb\/ed\/c6bbedf99fd712f393848a731e5f771f.jpg\" alt=\"\" width=\"302\" height=\"454\" \/><\/a><\/p>\n<p style=\"text-align: justify;\">En pinterest existen numerosas ideas para decorar tu fiesta Descendientes y para hacer tu propio disfraz si lo prefieres. Por si acaso nosotros te mostramos nuestros <a title=\"Disfraces de Mal y Evie Los Descendientes\" href=\"https:\/\/www.funidelia.es\/disfraces\/descendientes\/5936\" target=\"_blank\" rel=\"noopener noreferrer\"><strong>disfraces de Mal y Evie<\/strong><\/a> para que los disfrutes en cualquier ocasi\u00f3n o los tengas en cuenta como regalo para navidad o para un cumplea\u00f1os. \u00a1A las chicas les encantar\u00e1!<\/p>\n<h2 style=\"text-align: center;\">Have Fun!<\/h2>\n<p><img loading=\"lazy\" decoding=\"async\" class=\"aligncenter\" src=\"https:\/\/78.media.tumblr.com\/5290cce35fd6b52e5709ed800b5dbf47\/tumblr_nxtadc10DX1ulugclo1_500.gif\" alt=\"\" width=\"608\" height=\"292\" \/><br \/>\n<div class=\"su-divider su-divider-style-default\" style=\"margin:15px 0;border-width:2px;border-color:#999999\"><a href=\"#\" style=\"color:#000000\">Volver arriba<\/a><\/div>\n<div class=\"box-top\">\n<strong class=\"grd\"><span class=\"grd-b\"><img loading=\"lazy\" decoding=\"async\" src=\"https:\/\/i0.wp.com\/static1.funidelia.com\/blog\/uploads\/css_theme\/ico_thebest.png\" alt=\"Flowers\" width=\"38\" height=\"38\" \/>Top Art\u00edculos<\/span><\/strong><br \/>\n<section class=\"latest-post-selection list-div-ordered two-columns content-center ver2\" id=\"lps-1660d15dc970853dbbf5d4c4eb4926ec\" style=\"\" role=\"list\"><article class=\"post-24613 post type-post status-publish format-standard has-post-thumbnail hentry category-ideas-disfraces-caseros-originales has-link\" data-lps-id=\"24613\" role=\"listitem\"><div class=\"article__info\"><h3 class=\"article__title item-title-tag\"><a href=\"http:\/\/www.funidelia.es\/blog\/disfraces-caseros-faciles-de-hacer\/\" title=\"Disfraces caseros f\u00e1ciles de hacer\" class=\"article__link main-link\">Disfraces caseros f\u00e1ciles de hacer<\/a><\/h3><\/div><\/article><article class=\"post-24600 post type-post status-publish format-standard has-post-thumbnail hentry category-ideas-fiestas-decadas has-link\" data-lps-id=\"24600\" role=\"listitem\"><div class=\"article__info\"><h3 class=\"article__title item-title-tag\"><a href=\"http:\/\/www.funidelia.es\/blog\/ideas-disfraces-anos-80-para-una-fiesta-ochentera\/\" title=\"Ideas de disfraces A\u00f1os 80 para una fiesta ochentera\" class=\"article__link main-link\">Ideas de disfraces A\u00f1os 80 para una fiesta ochentera<\/a><\/h3><\/div><\/article><article class=\"post-24579 post type-post status-publish format-standard has-post-thumbnail hentry category-las-mejores-ideas-para-fiestas-tematicas has-link\" data-lps-id=\"24579\" role=\"listitem\"><div class=\"article__info\"><h3 class=\"article__title item-title-tag\"><a href=\"http:\/\/www.funidelia.es\/blog\/ideas-fiestas-tematicas\/\" title=\"Fiestas tem\u00e1ticas\" class=\"article__link main-link\">Fiestas tem\u00e1ticas<\/a><\/h3><\/div><\/article><article class=\"post-23779 post type-post status-publish format-standard has-post-thumbnail hentry category-ideas-disfraces-caseros-originales has-link\" data-lps-id=\"23779\" role=\"listitem\"><div class=\"article__info\"><h3 class=\"article__title item-title-tag\"><a href=\"http:\/\/www.funidelia.es\/blog\/como-hacer-disfraz-harry-potter-casero\/\" title=\"\u26a1\ufe0f C\u00f3mo hacer un disfraz de Harry Potter casero\" class=\"article__link main-link\">\u26a1\ufe0f C\u00f3mo hacer un disfraz de Harry Potter casero<\/a><\/h3><\/div><\/article><article class=\"post-698 post type-post status-publish format-standard has-post-thumbnail hentry category-ideas-decoracion-fiesta-halloween has-link\" data-lps-id=\"698\" role=\"listitem\"><div class=\"article__info\"><h3 class=\"article__title item-title-tag\"><a href=\"http:\/\/www.funidelia.es\/blog\/ideas-decoracion-fiestas-de-halloween\/\" title=\"Ideas de decoracion para una fiesta de Halloween terror\u00edficamente divertida\" class=\"article__link main-link\">Ideas de decoracion para una fiesta de Halloween terror\u00edficamente divertida<\/a><\/h3><\/div><\/article><\/section>\n<\/div>\n<p><a href=\"https:\/\/www.funidelia.es\" title=\"Funidelia Tienda Online\" target=\"_blank\" rel=\"noopener\" class=\"responsive\">\n<picture><source srcset=\"https:\/\/i0.wp.com\/static1.funidelia.com\/blog\/uploads\/css_theme\/funidelia_shop_es_xmobile.png?ver=01\" media=\"(max-width: 640px)\"><source srcset=\"https:\/\/i0.wp.com\/static1.funidelia.com\/blog\/uploads\/css_theme\/funidelia_shop_es_desktop.png\"><img loading=\"lazy\" decoding=\"async\" src=\"https:\/\/i0.wp.com\/static1.funidelia.com\/blog\/uploads\/css_theme\/funidelia_shop_es_desktop.png\" width=\"1120\" height=\"129\" alt=\"Flowers\">\n<\/picture>\n<\/a><\/p>\n<div class=\"box-links\">\n<div class=\"txt\"><img loading=\"lazy\" decoding=\"async\" src=\"https:\/\/i0.wp.com\/static1.funidelia.com\/blog\/uploads\/css_theme\/ico_categories.png?ver=1\" width=\"30\" height=\"30\" border=\"0\" alt\"Categor\u00edas relacionadas\"> Categor\u00edas relacionadas:<\/div>\n<div class=\"su-row\">\n<div class=\"su-column su-column-size-1-4\"><div class=\"su-column-inner su-u-clearfix su-u-trim\"><a href=\"https:\/\/www.funidelia.es\/blog\/ideas-para-disfraces\/\" title=\"C1\" class=\"link-box\"><img loading=\"lazy\" decoding=\"async\" src=\"https:\/\/i0.wp.com\/static1.funidelia.com\/blog\/uploads\/css_theme\/ico_deco_disfraz.png?ver=2\" width=\"26\" height=\"24\" border=\"0\" alt\"Funidelia\"> Disfraces<\/a><\/div><\/div>\n<div class=\"su-column su-column-size-1-4\"><div class=\"su-column-inner su-u-clearfix su-u-trim\"><a href=\"https:\/\/www.funidelia.es\/blog\/ideas-fiestas-tematicas\/\" title=\"C1\" class=\"link-box\"><img loading=\"lazy\" decoding=\"async\" src=\"https:\/\/i0.wp.com\/static1.funidelia.com\/blog\/uploads\/css_theme\/ico_deco_decoracion.png?ver=2\" width=\"26\" height=\"24\" border=\"0\" alt\"Funidelia\">Decoraci\u00f3n<\/a><\/div><\/div>\n<div class=\"su-column su-column-size-1-4\"><div class=\"su-column-inner su-u-clearfix su-u-trim\"><a href=\"https:\/\/www.funidelia.es\/blog\/ideas-para-maquillaje-halloween-original\/\" title=\"C1\" class=\"link-box\"><img loading=\"lazy\" decoding=\"async\" src=\"https:\/\/i0.wp.com\/static1.funidelia.com\/blog\/uploads\/css_theme\/ico_deco_maquillaje.png?ver=2\" width=\"26\" height=\"24\" border=\"0\" alt\"Funidelia\">Maquillaje<\/a><\/div><\/div>\n<div class=\"su-column su-column-size-1-4\"><div class=\"su-column-inner su-u-clearfix su-u-trim\"><a href=\"https:\/\/www.funidelia.es\/blog\/disfraces-caseros-faciles-de-hacer\/\" title=\"C1\" class=\"link-box\"><img loading=\"lazy\" decoding=\"async\" src=\"https:\/\/i0.wp.com\/static1.funidelia.com\/blog\/uploads\/css_theme\/ico_deco_diy.png?ver=2\" width=\"26\" height=\"24\" border=\"0\" alt\"Funidelia\">Caseros &#038; DIY<\/a><\/div><\/div>\n<\/div>\n<\/div>\n","protected":false},"excerpt":{"rendered":"<p>Ad\u00e9ntrate en el Reino de \u00c1uradon y forma parte de Los Descendientes. \u00bfSer\u00e1s uno de los hijos de los villanos de Disney m\u00e1s malvados del reino en la Isla de los Perdidos? \u00danete a Carlos, Jay, Evie y Mal en esta aventura y descubre lo que pasa cuando estos villanos&#8230;<\/p>\n","protected":false},"author":11,"featured_media":8220,"comment_status":"open","ping_status":"open","sticky":false,"template":"","format":"standard","meta":{"fifu_image_url":"","fifu_image_alt":"","footnotes":""},"categories":[1422,1427],"tags":[1060,312,1058,1059,420],"class_list":["post-8211","post","type-post","status-publish","format-standard","has-post-thumbnail","hentry","category-ideas-para-disfraces","category-ideas-disfraces-infantiles","tag-disfraz-de-evie","tag-disfraces-infantiles","tag-disfraces-los-descendientes","tag-disfraz-de-mal","tag-disfraces-malefica"],"yoast_head":"<!-- This site is optimized with the Yoast SEO plugin v26.7 - https:\/\/yoast.com\/wordpress\/plugins\/seo\/ -->\n<title>Disfraces de Los Descendientes: \u265b Evie y Mal \u265b<\/title>\n<meta name=\"description\" content=\"Los hijos de los villanos m\u00e1s famosos de Disney est\u00e1n en Funidelia. Disfrazate de Evie y Mal y p\u00e1salo de miedo con los disfraces de Los Descendientes.\" \/>\n<meta name=\"robots\" content=\"index, follow, max-snippet:-1, max-image-preview:large, max-video-preview:-1\" \/>\n<link rel=\"canonical\" href=\"https:\/\/www.funidelia.es\/blog\/ideas-disfraces-los-descendientes\/\" \/>\n<meta property=\"og:locale\" content=\"es_ES\" \/>\n<meta property=\"og:type\" content=\"article\" \/>\n<meta property=\"og:title\" content=\"Disfraces de Los Descendientes: \u265b Evie y Mal \u265b\" \/>\n<meta property=\"og:description\" content=\"Los hijos de los villanos m\u00e1s famosos de Disney est\u00e1n en Funidelia. Disfrazate de Evie y Mal y p\u00e1salo de miedo con los disfraces de Los Descendientes.\" \/>\n<meta property=\"og:url\" content=\"https:\/\/www.funidelia.es\/blog\/ideas-disfraces-los-descendientes\/\" \/>\n<meta property=\"og:site_name\" content=\"Ideas para disfrazarse - Blog de Funidelia\" \/>\n<meta property=\"article:publisher\" content=\"https:\/\/www.facebook.com\/funidelia\" \/>\n<meta property=\"article:published_time\" content=\"2015-12-10T12:06:49+00:00\" \/>\n<meta property=\"article:modified_time\" content=\"2024-08-08T10:47:41+00:00\" \/>\n<meta property=\"og:image\" content=\"https:\/\/www.funidelia.es\/blog\/wp-content\/uploads\/2015\/12\/portada-los-descendientes.png\" \/>\n\t<meta property=\"og:image:width\" content=\"620\" \/>\n\t<meta property=\"og:image:height\" content=\"351\" \/>\n\t<meta property=\"og:image:type\" content=\"image\/png\" \/>\n<meta name=\"author\" content=\"Paula Colera\" \/>\n<meta name=\"twitter:card\" content=\"summary_large_image\" \/>\n<meta name=\"twitter:creator\" content=\"@funidelia\" \/>\n<meta name=\"twitter:site\" content=\"@funidelia\" \/>\n<meta name=\"twitter:label1\" content=\"Escrito por\" \/>\n\t<meta name=\"twitter:data1\" content=\"Paula Colera\" \/>\n\t<meta name=\"twitter:label2\" content=\"Tiempo de lectura\" \/>\n\t<meta name=\"twitter:data2\" content=\"2 minutos\" \/>\n<script type=\"application\/ld+json\" class=\"yoast-schema-graph\">{\"@context\":\"https:\/\/schema.org\",\"@graph\":[{\"@type\":\"Article\",\"@id\":\"https:\/\/www.funidelia.es\/blog\/ideas-disfraces-los-descendientes\/#article\",\"isPartOf\":{\"@id\":\"https:\/\/www.funidelia.es\/blog\/ideas-disfraces-los-descendientes\/\"},\"author\":{\"name\":\"Paula Colera\",\"@id\":\"https:\/\/www.funidelia.es\/blog\/#\/schema\/person\/da3e744414835ef8b03b0a630f03dfc4\"},\"headline\":\"Disfraces Los Descendientes: Los hijos de los Villanos de Disney est\u00e1n en Funidelia \u00a1Elige tu disfraz!\",\"datePublished\":\"2015-12-10T12:06:49+00:00\",\"dateModified\":\"2024-08-08T10:47:41+00:00\",\"mainEntityOfPage\":{\"@id\":\"https:\/\/www.funidelia.es\/blog\/ideas-disfraces-los-descendientes\/\"},\"wordCount\":486,\"commentCount\":3,\"image\":{\"@id\":\"https:\/\/www.funidelia.es\/blog\/ideas-disfraces-los-descendientes\/#primaryimage\"},\"thumbnailUrl\":\"http:\/\/www.funidelia.es\/blog\/wp-content\/uploads\/2015\/12\/portada-los-descendientes.png\",\"keywords\":[\"Evie\",\"Infantiles\",\"Los Descendientes\",\"Mal\",\"Mal\u00e9fica\"],\"articleSection\":[\"Ideas para Disfraces\",\"Ideas para disfraces de infantiles\"],\"inLanguage\":\"es\",\"potentialAction\":[{\"@type\":\"CommentAction\",\"name\":\"Comment\",\"target\":[\"https:\/\/www.funidelia.es\/blog\/ideas-disfraces-los-descendientes\/#respond\"]}]},{\"@type\":\"WebPage\",\"@id\":\"https:\/\/www.funidelia.es\/blog\/ideas-disfraces-los-descendientes\/\",\"url\":\"https:\/\/www.funidelia.es\/blog\/ideas-disfraces-los-descendientes\/\",\"name\":\"Disfraces de Los Descendientes: \u265b Evie y Mal \u265b\",\"isPartOf\":{\"@id\":\"https:\/\/www.funidelia.es\/blog\/#website\"},\"primaryImageOfPage\":{\"@id\":\"https:\/\/www.funidelia.es\/blog\/ideas-disfraces-los-descendientes\/#primaryimage\"},\"image\":{\"@id\":\"https:\/\/www.funidelia.es\/blog\/ideas-disfraces-los-descendientes\/#primaryimage\"},\"thumbnailUrl\":\"http:\/\/www.funidelia.es\/blog\/wp-content\/uploads\/2015\/12\/portada-los-descendientes.png\",\"datePublished\":\"2015-12-10T12:06:49+00:00\",\"dateModified\":\"2024-08-08T10:47:41+00:00\",\"author\":{\"@id\":\"https:\/\/www.funidelia.es\/blog\/#\/schema\/person\/da3e744414835ef8b03b0a630f03dfc4\"},\"description\":\"Los hijos de los villanos m\u00e1s famosos de Disney est\u00e1n en Funidelia. Disfrazate de Evie y Mal y p\u00e1salo de miedo con los disfraces de Los Descendientes.\",\"breadcrumb\":{\"@id\":\"https:\/\/www.funidelia.es\/blog\/ideas-disfraces-los-descendientes\/#breadcrumb\"},\"inLanguage\":\"es\",\"potentialAction\":[{\"@type\":\"ReadAction\",\"target\":[\"https:\/\/www.funidelia.es\/blog\/ideas-disfraces-los-descendientes\/\"]}]},{\"@type\":\"ImageObject\",\"inLanguage\":\"es\",\"@id\":\"https:\/\/www.funidelia.es\/blog\/ideas-disfraces-los-descendientes\/#primaryimage\",\"url\":\"http:\/\/www.funidelia.es\/blog\/wp-content\/uploads\/2015\/12\/portada-los-descendientes.png\",\"contentUrl\":\"http:\/\/www.funidelia.es\/blog\/wp-content\/uploads\/2015\/12\/portada-los-descendientes.png\",\"width\":620,\"height\":351},{\"@type\":\"BreadcrumbList\",\"@id\":\"https:\/\/www.funidelia.es\/blog\/ideas-disfraces-los-descendientes\/#breadcrumb\",\"itemListElement\":[{\"@type\":\"ListItem\",\"position\":1,\"name\":\"Portada\",\"item\":\"http:\/\/www.funidelia.es\/blog\/\"},{\"@type\":\"ListItem\",\"position\":2,\"name\":\"Disfraces Los Descendientes: Los hijos de los Villanos de Disney est\u00e1n en Funidelia \u00a1Elige tu disfraz!\"}]},{\"@type\":\"WebSite\",\"@id\":\"https:\/\/www.funidelia.es\/blog\/#website\",\"url\":\"https:\/\/www.funidelia.es\/blog\/\",\"name\":\"Ideas para disfrazarse - Blog de Funidelia\",\"description\":\"\",\"potentialAction\":[{\"@type\":\"SearchAction\",\"target\":{\"@type\":\"EntryPoint\",\"urlTemplate\":\"https:\/\/www.funidelia.es\/blog\/?s={search_term_string}\"},\"query-input\":{\"@type\":\"PropertyValueSpecification\",\"valueRequired\":true,\"valueName\":\"search_term_string\"}}],\"inLanguage\":\"es\"},{\"@type\":\"Person\",\"@id\":\"https:\/\/www.funidelia.es\/blog\/#\/schema\/person\/da3e744414835ef8b03b0a630f03dfc4\",\"name\":\"Paula Colera\",\"image\":{\"@type\":\"ImageObject\",\"inLanguage\":\"es\",\"@id\":\"https:\/\/www.funidelia.es\/blog\/#\/schema\/person\/image\/\",\"url\":\"https:\/\/secure.gravatar.com\/avatar\/4dc497c75e80115b92f25345ceb247380b8893489b98581df5ceb26592e68bfa?s=96&d=mm&r=g\",\"contentUrl\":\"https:\/\/secure.gravatar.com\/avatar\/4dc497c75e80115b92f25345ceb247380b8893489b98581df5ceb26592e68bfa?s=96&d=mm&r=g\",\"caption\":\"Paula Colera\"}}]}<\/script>\n<!-- \/ Yoast SEO plugin. -->","yoast_head_json":{"title":"Disfraces de Los Descendientes: \u265b Evie y Mal \u265b","description":"Los hijos de los villanos m\u00e1s famosos de Disney est\u00e1n en Funidelia. Disfrazate de Evie y Mal y p\u00e1salo de miedo con los disfraces de Los Descendientes.","robots":{"index":"index","follow":"follow","max-snippet":"max-snippet:-1","max-image-preview":"max-image-preview:large","max-video-preview":"max-video-preview:-1"},"canonical":"https:\/\/www.funidelia.es\/blog\/ideas-disfraces-los-descendientes\/","og_locale":"es_ES","og_type":"article","og_title":"Disfraces de Los Descendientes: \u265b Evie y Mal \u265b","og_description":"Los hijos de los villanos m\u00e1s famosos de Disney est\u00e1n en Funidelia. Disfrazate de Evie y Mal y p\u00e1salo de miedo con los disfraces de Los Descendientes.","og_url":"https:\/\/www.funidelia.es\/blog\/ideas-disfraces-los-descendientes\/","og_site_name":"Ideas para disfrazarse - Blog de Funidelia","article_publisher":"https:\/\/www.facebook.com\/funidelia","article_published_time":"2015-12-10T12:06:49+00:00","article_modified_time":"2024-08-08T10:47:41+00:00","og_image":[{"width":620,"height":351,"url":"https:\/\/www.funidelia.es\/blog\/wp-content\/uploads\/2015\/12\/portada-los-descendientes.png","type":"image\/png"}],"author":"Paula Colera","twitter_card":"summary_large_image","twitter_creator":"@funidelia","twitter_site":"@funidelia","twitter_misc":{"Escrito por":"Paula Colera","Tiempo de lectura":"2 minutos"},"schema":{"@context":"https:\/\/schema.org","@graph":[{"@type":"Article","@id":"https:\/\/www.funidelia.es\/blog\/ideas-disfraces-los-descendientes\/#article","isPartOf":{"@id":"https:\/\/www.funidelia.es\/blog\/ideas-disfraces-los-descendientes\/"},"author":{"name":"Paula Colera","@id":"https:\/\/www.funidelia.es\/blog\/#\/schema\/person\/da3e744414835ef8b03b0a630f03dfc4"},"headline":"Disfraces Los Descendientes: Los hijos de los Villanos de Disney est\u00e1n en Funidelia \u00a1Elige tu disfraz!","datePublished":"2015-12-10T12:06:49+00:00","dateModified":"2024-08-08T10:47:41+00:00","mainEntityOfPage":{"@id":"https:\/\/www.funidelia.es\/blog\/ideas-disfraces-los-descendientes\/"},"wordCount":486,"commentCount":3,"image":{"@id":"https:\/\/www.funidelia.es\/blog\/ideas-disfraces-los-descendientes\/#primaryimage"},"thumbnailUrl":"http:\/\/www.funidelia.es\/blog\/wp-content\/uploads\/2015\/12\/portada-los-descendientes.png","keywords":["Evie","Infantiles","Los Descendientes","Mal","Mal\u00e9fica"],"articleSection":["Ideas para Disfraces","Ideas para disfraces de infantiles"],"inLanguage":"es","potentialAction":[{"@type":"CommentAction","name":"Comment","target":["https:\/\/www.funidelia.es\/blog\/ideas-disfraces-los-descendientes\/#respond"]}]},{"@type":"WebPage","@id":"https:\/\/www.funidelia.es\/blog\/ideas-disfraces-los-descendientes\/","url":"https:\/\/www.funidelia.es\/blog\/ideas-disfraces-los-descendientes\/","name":"Disfraces de Los Descendientes: \u265b Evie y Mal \u265b","isPartOf":{"@id":"https:\/\/www.funidelia.es\/blog\/#website"},"primaryImageOfPage":{"@id":"https:\/\/www.funidelia.es\/blog\/ideas-disfraces-los-descendientes\/#primaryimage"},"image":{"@id":"https:\/\/www.funidelia.es\/blog\/ideas-disfraces-los-descendientes\/#primaryimage"},"thumbnailUrl":"http:\/\/www.funidelia.es\/blog\/wp-content\/uploads\/2015\/12\/portada-los-descendientes.png","datePublished":"2015-12-10T12:06:49+00:00","dateModified":"2024-08-08T10:47:41+00:00","author":{"@id":"https:\/\/www.funidelia.es\/blog\/#\/schema\/person\/da3e744414835ef8b03b0a630f03dfc4"},"description":"Los hijos de los villanos m\u00e1s famosos de Disney est\u00e1n en Funidelia. Disfrazate de Evie y Mal y p\u00e1salo de miedo con los disfraces de Los Descendientes.","breadcrumb":{"@id":"https:\/\/www.funidelia.es\/blog\/ideas-disfraces-los-descendientes\/#breadcrumb"},"inLanguage":"es","potentialAction":[{"@type":"ReadAction","target":["https:\/\/www.funidelia.es\/blog\/ideas-disfraces-los-descendientes\/"]}]},{"@type":"ImageObject","inLanguage":"es","@id":"https:\/\/www.funidelia.es\/blog\/ideas-disfraces-los-descendientes\/#primaryimage","url":"http:\/\/www.funidelia.es\/blog\/wp-content\/uploads\/2015\/12\/portada-los-descendientes.png","contentUrl":"http:\/\/www.funidelia.es\/blog\/wp-content\/uploads\/2015\/12\/portada-los-descendientes.png","width":620,"height":351},{"@type":"BreadcrumbList","@id":"https:\/\/www.funidelia.es\/blog\/ideas-disfraces-los-descendientes\/#breadcrumb","itemListElement":[{"@type":"ListItem","position":1,"name":"Portada","item":"http:\/\/www.funidelia.es\/blog\/"},{"@type":"ListItem","position":2,"name":"Disfraces Los Descendientes: Los hijos de los Villanos de Disney est\u00e1n en Funidelia \u00a1Elige tu disfraz!"}]},{"@type":"WebSite","@id":"https:\/\/www.funidelia.es\/blog\/#website","url":"https:\/\/www.funidelia.es\/blog\/","name":"Ideas para disfrazarse - Blog de Funidelia","description":"","potentialAction":[{"@type":"SearchAction","target":{"@type":"EntryPoint","urlTemplate":"https:\/\/www.funidelia.es\/blog\/?s={search_term_string}"},"query-input":{"@type":"PropertyValueSpecification","valueRequired":true,"valueName":"search_term_string"}}],"inLanguage":"es"},{"@type":"Person","@id":"https:\/\/www.funidelia.es\/blog\/#\/schema\/person\/da3e744414835ef8b03b0a630f03dfc4","name":"Paula Colera","image":{"@type":"ImageObject","inLanguage":"es","@id":"https:\/\/www.funidelia.es\/blog\/#\/schema\/person\/image\/","url":"https:\/\/secure.gravatar.com\/avatar\/4dc497c75e80115b92f25345ceb247380b8893489b98581df5ceb26592e68bfa?s=96&d=mm&r=g","contentUrl":"https:\/\/secure.gravatar.com\/avatar\/4dc497c75e80115b92f25345ceb247380b8893489b98581df5ceb26592e68bfa?s=96&d=mm&r=g","caption":"Paula Colera"}}]}},"_links":{"self":[{"href":"http:\/\/www.funidelia.es\/blog\/wp-json\/wp\/v2\/posts\/8211","targetHints":{"allow":["GET"]}}],"collection":[{"href":"http:\/\/www.funidelia.es\/blog\/wp-json\/wp\/v2\/posts"}],"about":[{"href":"http:\/\/www.funidelia.es\/blog\/wp-json\/wp\/v2\/types\/post"}],"author":[{"embeddable":true,"href":"http:\/\/www.funidelia.es\/blog\/wp-json\/wp\/v2\/users\/11"}],"replies":[{"embeddable":true,"href":"http:\/\/www.funidelia.es\/blog\/wp-json\/wp\/v2\/comments?post=8211"}],"version-history":[{"count":7,"href":"http:\/\/www.funidelia.es\/blog\/wp-json\/wp\/v2\/posts\/8211\/revisions"}],"predecessor-version":[{"id":25366,"href":"http:\/\/www.funidelia.es\/blog\/wp-json\/wp\/v2\/posts\/8211\/revisions\/25366"}],"wp:featuredmedia":[{"embeddable":true,"href":"http:\/\/www.funidelia.es\/blog\/wp-json\/wp\/v2\/media\/8220"}],"wp:attachment":[{"href":"http:\/\/www.funidelia.es\/blog\/wp-json\/wp\/v2\/media?parent=8211"}],"wp:term":[{"taxonomy":"category","embeddable":true,"href":"http:\/\/www.funidelia.es\/blog\/wp-json\/wp\/v2\/categories?post=8211"},{"taxonomy":"post_tag","embeddable":true,"href":"http:\/\/www.funidelia.es\/blog\/wp-json\/wp\/v2\/tags?post=8211"}],"curies":[{"name":"wp","href":"https:\/\/api.w.org\/{rel}","templated":true}]}}
